{"id":7512,"date":"2016-04-13T11:11:52","date_gmt":"2016-04-13T16:11:52","guid":{"rendered":"http:\/\/anvisible.com\/de\/preparandose-en-el-corazon-de-an\/"},"modified":"2016-04-14T10:28:57","modified_gmt":"2016-04-14T15:28:57","slug":"vorbereitungen-am-herzen-von-an","status":"publish","type":"post","link":"https:\/\/anvisible.com\/de\/vorbereitungen-am-herzen-von-an\/","title":{"rendered":"Vorbereitungen am Herzen von AN!"},"content":{"rendered":"<p>Unser Fokus hat sich nun darauf gerichtet, unsere Mai-Veranstaltungen am Herzen von AN vorzubereiten. Es gibt noch viel zu tun bis unsere ersten Besucher am 1. Mai ankommen. Wir werden dann bis zum 17. Mai BesucherInnen hier haben, zweieinhalb Wochen, in denen viel los sein wird!<\/p>\n<p>Nachdem German das Dach \u00fcber dem AN\u2022Chakana fertig gestellt hat, wird er die naturgem\u00e4\u00df entstandenen Risse im Yeso-Verputz unseres Hauses reparieren und an der Adobe-Mauer in der N\u00e4he des Hauses Flusskiesel anbringen. Eloy wird die neuen undichten Stellen an unserem Dach reparieren, die im gro\u00dfen Sturm vor zwei Wochen entstanden sind. Und wir werden alle Fussboden-Platten innerhalb und ausserhalb unseres Hauses waschen und neu wachsen.<\/p>\n<p>Das Zentrum des AN\u2022Labyrinths ist jetzt vollst\u00e4ndig. Die Glasbl\u00f6cke sind eingesetzt, und alles f\u00fchlt sich sehr gut an. Jetzt muss das Zentrum eine Woche lang ruhen. Jeden Tag wird Wasser dar\u00fcber gegossen, damit der Zement nicht zu schnell austrocknet. Eloy hat ausserdem Grassoden auf die Teile des Labyrinths verpflanzt, wo nur rohe Erde war.<\/p>\n<p>Interessanterweise haben das Labyrinth in seiner gegenw\u00e4rtigen Form noch gar nicht begangen. Eman\u00e1ku und ich begingen eine fr\u00fchere Version des Labyrinths, und das hat sich sehr gut angef\u00fchlt, wenn auch noch nicht vollkommen richtig. Jetzt sieht es so aus, als ob wird das Labyrinth zum ersten Mal Anfang Mai begehen k\u00f6nnen.<\/p>\n<p>Das Dach des AN\u2022Chakana machte letzte Woche gro\u00dfe Fortschritte. Wir haben uns schlussendlich dazu entschlossen, das gesamte Dach aus klarem, transparenten Plastik zu erstellen anstatt einen farbigen Teil einzubauen. Das Dach war soweit vollst\u00e4ndig &#8211; nur in der Mitte fehlt noch der letzte Teil. Dann, am Samstag, teilte uns German mit, dass er diese Woche eine andere Arbeit zu erledigen habe, und dass er nicht vor Anfang n\u00e4chster Woche bei uns weiter arbeiten k\u00f6nne. So nah und doch so fern!<\/p>\n<p>Es ist noch viel zu tun, aber es ist auch aufregend, alles geschafft zu bekommen. Es wird eine gro\u00dfe Freude f\u00fcr uns sein, wenn wir einige unserer lieben Freunde in zwei Wochen wieder sehen werden &#8211; und einige davon kommen zum allererstenmal hierher!<\/p>\n<p>Falls Du noch kurzentschlossen am Meisterkurs f\u00fcr das Lesen der Karten von AN im May teilnehmen willst, <a href=\"\/?p=6754\">klicke hier<\/a>. Es gibt derzeit viele Sonderangebote f\u00fcr Fl\u00fcge von Deutschland nach Peru!!!<\/p>\n\n\t\t<style type=\"text\/css\">\n\t\t\t#gallery-1 {\n\t\t\t\tmargin: auto;\n\t\t\t}\n\t\t\t#gallery-1 .gallery-item {\n\t\t\t\tfloat: left;\n\t\t\t\tmargin-top: 10px;\n\t\t\t\ttext-align: center;\n\t\t\t\twidth: 100%;\n\t\t\t}\n\t\t\t#gallery-1 img {\n\t\t\t\tborder: 2px solid #cfcfcf;\n\t\t\t}\n\t\t\t#gallery-1 .gallery-caption {\n\t\t\t\tmargin-left: 0;\n\t\t\t}\n\t\t\t\/* see gallery_shortcode() in wp-includes\/media.php *\/\n\t\t<\/style>\n\t\t<div id='gallery-1' class='gallery galleryid-7512 gallery-columns-1 gallery-size-medium'><dl class='gallery-item'>\n\t\t\t<dt class='gallery-icon landscape'>\n\t\t\t\t<a href='https:\/\/anvisible.com\/de\/2016-04-13-01-2\/'><img width=\"400\" height=\"300\" src=\"https:\/\/anvisible.com\/wp-content\/blogs.dir\/1\/files\/2016\/04\/2016-04-13-01-400x300.jpg\" class=\"attachment-medium size-medium\" alt=\"\" decoding=\"async\" loading=\"lazy\" aria-describedby=\"gallery-1-7429\" srcset=\"https:\/\/anvisible.com\/wp-content\/blogs.dir\/1\/files\/2016\/04\/2016-04-13-01-400x300.jpg 400w, https:\/\/anvisible.com\/wp-content\/blogs.dir\/1\/files\/2016\/04\/2016-04-13-01-200x150.jpg 200w, https:\/\/anvisible.com\/wp-content\/blogs.dir\/1\/files\/2016\/04\/2016-04-13-01-768x576.jpg 768w, https:\/\/anvisible.com\/wp-content\/blogs.dir\/1\/files\/2016\/04\/2016-04-13-01-600x450.jpg 600w, https:\/\/anvisible.com\/wp-content\/blogs.dir\/1\/files\/2016\/04\/2016-04-13-01.jpg 1000w\" sizes=\"(max-width: 400px) 100vw, 400px\" \/><\/a>\n\t\t\t<\/dt>\n\t\t\t\t<dd class='wp-caption-text gallery-caption' id='gallery-1-7429'>\n\t\t\t\tHier ist einer der Diamant-f\u00f6rmigen Eing\u00e4nge in Nord-S\u00fcdrichtung des Labyrinths\n\t\t\t\t<\/dd><\/dl><br style=\"clear: both\" \/><dl class='gallery-item'>\n\t\t\t<dt class='gallery-icon landscape'>\n\t\t\t\t<a href='https:\/\/anvisible.com\/de\/2016-04-13-02-2\/'><img width=\"400\" height=\"300\" src=\"https:\/\/anvisible.com\/wp-content\/blogs.dir\/1\/files\/2016\/04\/2016-04-13-02-400x300.jpg\" class=\"attachment-medium size-medium\" alt=\"\" decoding=\"async\" loading=\"lazy\" aria-describedby=\"gallery-1-7434\" srcset=\"https:\/\/anvisible.com\/wp-content\/blogs.dir\/1\/files\/2016\/04\/2016-04-13-02-400x300.jpg 400w, https:\/\/anvisible.com\/wp-content\/blogs.dir\/1\/files\/2016\/04\/2016-04-13-02-200x150.jpg 200w, https:\/\/anvisible.com\/wp-content\/blogs.dir\/1\/files\/2016\/04\/2016-04-13-02-768x576.jpg 768w, https:\/\/anvisible.com\/wp-content\/blogs.dir\/1\/files\/2016\/04\/2016-04-13-02-600x450.jpg 600w, https:\/\/anvisible.com\/wp-content\/blogs.dir\/1\/files\/2016\/04\/2016-04-13-02.jpg 1000w\" sizes=\"(max-width: 400px) 100vw, 400px\" \/><\/a>\n\t\t\t<\/dt>\n\t\t\t\t<dd class='wp-caption-text gallery-caption' id='gallery-1-7434'>\n\t\t\t\tDas Labyrinth sieht allm\u00e4hlich richtig sch\u00f6n aus, auch wenn noch das tempor\u00e4re Zelt den Zement des inneren Kreises vor der starken Sonne hier besch\u00fctzt.\n\t\t\t\t<\/dd><\/dl><br style=\"clear: both\" \/><dl class='gallery-item'>\n\t\t\t<dt class='gallery-icon landscape'>\n\t\t\t\t<a href='https:\/\/anvisible.com\/de\/2016-04-13-03-2\/'><img width=\"400\" height=\"300\" src=\"https:\/\/anvisible.com\/wp-content\/blogs.dir\/1\/files\/2016\/04\/2016-04-13-03-400x300.jpg\" class=\"attachment-medium size-medium\" alt=\"\" decoding=\"async\" loading=\"lazy\" aria-describedby=\"gallery-1-7440\" srcset=\"https:\/\/anvisible.com\/wp-content\/blogs.dir\/1\/files\/2016\/04\/2016-04-13-03-400x300.jpg 400w, https:\/\/anvisible.com\/wp-content\/blogs.dir\/1\/files\/2016\/04\/2016-04-13-03-200x150.jpg 200w, https:\/\/anvisible.com\/wp-content\/blogs.dir\/1\/files\/2016\/04\/2016-04-13-03-768x576.jpg 768w, https:\/\/anvisible.com\/wp-content\/blogs.dir\/1\/files\/2016\/04\/2016-04-13-03-600x450.jpg 600w, https:\/\/anvisible.com\/wp-content\/blogs.dir\/1\/files\/2016\/04\/2016-04-13-03.jpg 1000w\" sizes=\"(max-width: 400px) 100vw, 400px\" \/><\/a>\n\t\t\t<\/dt>\n\t\t\t\t<dd class='wp-caption-text gallery-caption' id='gallery-1-7440'>\n\t\t\t\tF\u00fcr den Mond-Bogen innerhalb des AN-Kreises im Labyrinth haben wir uns dazu entschieden, ein paar Glimmer-Mosaik-Steine unten an den Glasblock zu kleben, so dass eine unerwartete Tiefenwirkung entsteht\n\t\t\t\t<\/dd><\/dl><br style=\"clear: both\" \/><dl class='gallery-item'>\n\t\t\t<dt class='gallery-icon landscape'>\n\t\t\t\t<a href='https:\/\/anvisible.com\/de\/2016-04-13-04-2\/'><img width=\"400\" height=\"300\" src=\"https:\/\/anvisible.com\/wp-content\/blogs.dir\/1\/files\/2016\/04\/2016-04-13-04-400x300.jpg\" class=\"attachment-medium size-medium\" alt=\"\" decoding=\"async\" loading=\"lazy\" aria-describedby=\"gallery-1-7445\" srcset=\"https:\/\/anvisible.com\/wp-content\/blogs.dir\/1\/files\/2016\/04\/2016-04-13-04-400x300.jpg 400w, https:\/\/anvisible.com\/wp-content\/blogs.dir\/1\/files\/2016\/04\/2016-04-13-04-200x150.jpg 200w, https:\/\/anvisible.com\/wp-content\/blogs.dir\/1\/files\/2016\/04\/2016-04-13-04-768x576.jpg 768w, https:\/\/anvisible.com\/wp-content\/blogs.dir\/1\/files\/2016\/04\/2016-04-13-04-600x450.jpg 600w, https:\/\/anvisible.com\/wp-content\/blogs.dir\/1\/files\/2016\/04\/2016-04-13-04.jpg 1000w\" sizes=\"(max-width: 400px) 100vw, 400px\" \/><\/a>\n\t\t\t<\/dt>\n\t\t\t\t<dd class='wp-caption-text gallery-caption' id='gallery-1-7445'>\n\t\t\t\tGerman und sein Sohn Victor fangen an, die Glasbl\u00f6cke einzusetzen\n\t\t\t\t<\/dd><\/dl><br style=\"clear: both\" \/><dl class='gallery-item'>\n\t\t\t<dt class='gallery-icon landscape'>\n\t\t\t\t<a href='https:\/\/anvisible.com\/de\/2016-04-13-05-2\/'><img width=\"400\" height=\"300\" src=\"https:\/\/anvisible.com\/wp-content\/blogs.dir\/1\/files\/2016\/04\/2016-04-13-05-400x300.jpg\" class=\"attachment-medium size-medium\" alt=\"\" decoding=\"async\" loading=\"lazy\" aria-describedby=\"gallery-1-7450\" srcset=\"https:\/\/anvisible.com\/wp-content\/blogs.dir\/1\/files\/2016\/04\/2016-04-13-05-400x300.jpg 400w, https:\/\/anvisible.com\/wp-content\/blogs.dir\/1\/files\/2016\/04\/2016-04-13-05-200x150.jpg 200w, https:\/\/anvisible.com\/wp-content\/blogs.dir\/1\/files\/2016\/04\/2016-04-13-05-768x576.jpg 768w, https:\/\/anvisible.com\/wp-content\/blogs.dir\/1\/files\/2016\/04\/2016-04-13-05-600x450.jpg 600w, https:\/\/anvisible.com\/wp-content\/blogs.dir\/1\/files\/2016\/04\/2016-04-13-05.jpg 1000w\" sizes=\"(max-width: 400px) 100vw, 400px\" \/><\/a>\n\t\t\t<\/dt>\n\t\t\t\t<dd class='wp-caption-text gallery-caption' id='gallery-1-7450'>\n\t\t\t\tDie Glasbl\u00f6cke sind nun eingef\u00fcgt, und alles trocknet langsam\n\t\t\t\t<\/dd><\/dl><br style=\"clear: both\" \/><dl class='gallery-item'>\n\t\t\t<dt class='gallery-icon landscape'>\n\t\t\t\t<a href='https:\/\/anvisible.com\/de\/2016-04-13-06-2\/'><img width=\"400\" height=\"300\" src=\"https:\/\/anvisible.com\/wp-content\/blogs.dir\/1\/files\/2016\/04\/2016-04-13-06-400x300.jpg\" class=\"attachment-medium size-medium\" alt=\"\" decoding=\"async\" loading=\"lazy\" aria-describedby=\"gallery-1-7455\" srcset=\"https:\/\/anvisible.com\/wp-content\/blogs.dir\/1\/files\/2016\/04\/2016-04-13-06-400x300.jpg 400w, https:\/\/anvisible.com\/wp-content\/blogs.dir\/1\/files\/2016\/04\/2016-04-13-06-200x150.jpg 200w, https:\/\/anvisible.com\/wp-content\/blogs.dir\/1\/files\/2016\/04\/2016-04-13-06-768x576.jpg 768w, https:\/\/anvisible.com\/wp-content\/blogs.dir\/1\/files\/2016\/04\/2016-04-13-06-600x450.jpg 600w, https:\/\/anvisible.com\/wp-content\/blogs.dir\/1\/files\/2016\/04\/2016-04-13-06.jpg 1000w\" sizes=\"(max-width: 400px) 100vw, 400px\" \/><\/a>\n\t\t\t<\/dt>\n\t\t\t\t<dd class='wp-caption-text gallery-caption' id='gallery-1-7455'>\n\t\t\t\tHier ist eine Gesamtansicht des inneren AN-Kreises in der Mitte des Labyrinths\n\t\t\t\t<\/dd><\/dl><br style=\"clear: both\" \/><dl class='gallery-item'>\n\t\t\t<dt class='gallery-icon landscape'>\n\t\t\t\t<a href='https:\/\/anvisible.com\/de\/2016-04-13-07-2\/'><img width=\"400\" height=\"300\" src=\"https:\/\/anvisible.com\/wp-content\/blogs.dir\/1\/files\/2016\/04\/2016-04-13-07-400x300.jpg\" class=\"attachment-medium size-medium\" alt=\"\" decoding=\"async\" loading=\"lazy\" aria-describedby=\"gallery-1-7460\" srcset=\"https:\/\/anvisible.com\/wp-content\/blogs.dir\/1\/files\/2016\/04\/2016-04-13-07-400x300.jpg 400w, https:\/\/anvisible.com\/wp-content\/blogs.dir\/1\/files\/2016\/04\/2016-04-13-07-200x150.jpg 200w, https:\/\/anvisible.com\/wp-content\/blogs.dir\/1\/files\/2016\/04\/2016-04-13-07-768x576.jpg 768w, https:\/\/anvisible.com\/wp-content\/blogs.dir\/1\/files\/2016\/04\/2016-04-13-07-600x450.jpg 600w, https:\/\/anvisible.com\/wp-content\/blogs.dir\/1\/files\/2016\/04\/2016-04-13-07.jpg 1000w\" sizes=\"(max-width: 400px) 100vw, 400px\" \/><\/a>\n\t\t\t<\/dt>\n\t\t\t\t<dd class='wp-caption-text gallery-caption' id='gallery-1-7460'>\n\t\t\t\tSieht es nicht aus, wie gewollt, wenn die Silhuette des Kaktus dem Bergr\u00fccken im Hintergrund folgt?\n\nWo immer man hier auch hinschaut, gibt es immer etwas Sch\u00f6nes zu sehen. In alle Richtungen sind wir hier von Sch\u00f6nheit umgeben!\n\t\t\t\t<\/dd><\/dl><br style=\"clear: both\" \/><dl class='gallery-item'>\n\t\t\t<dt class='gallery-icon landscape'>\n\t\t\t\t<a href='https:\/\/anvisible.com\/de\/2016-04-13-08-2\/'><img width=\"400\" height=\"300\" src=\"https:\/\/anvisible.com\/wp-content\/blogs.dir\/1\/files\/2016\/04\/2016-04-13-08-400x300.jpg\" class=\"attachment-medium size-medium\" alt=\"\" decoding=\"async\" loading=\"lazy\" aria-describedby=\"gallery-1-7465\" srcset=\"https:\/\/anvisible.com\/wp-content\/blogs.dir\/1\/files\/2016\/04\/2016-04-13-08-400x300.jpg 400w, https:\/\/anvisible.com\/wp-content\/blogs.dir\/1\/files\/2016\/04\/2016-04-13-08-200x150.jpg 200w, https:\/\/anvisible.com\/wp-content\/blogs.dir\/1\/files\/2016\/04\/2016-04-13-08-768x576.jpg 768w, https:\/\/anvisible.com\/wp-content\/blogs.dir\/1\/files\/2016\/04\/2016-04-13-08-600x450.jpg 600w, https:\/\/anvisible.com\/wp-content\/blogs.dir\/1\/files\/2016\/04\/2016-04-13-08.jpg 1000w\" sizes=\"(max-width: 400px) 100vw, 400px\" \/><\/a>\n\t\t\t<\/dt>\n\t\t\t\t<dd class='wp-caption-text gallery-caption' id='gallery-1-7465'>\n\t\t\t\tUnser Q&#8217;ero-Freund Agosto bracht uns einen neuen Schwung Sancarpas. Eloy probiert diese wundervoll mit Perlchen besetzte Weste an, und Juana h\u00e4lt einen langen G\u00fcrtel hoch\n\t\t\t\t<\/dd><\/dl><br style=\"clear: both\" \/><dl class='gallery-item'>\n\t\t\t<dt class='gallery-icon landscape'>\n\t\t\t\t<a href='https:\/\/anvisible.com\/de\/2016-04-13-09-2\/'><img width=\"400\" height=\"300\" src=\"https:\/\/anvisible.com\/wp-content\/blogs.dir\/1\/files\/2016\/04\/2016-04-13-09-400x300.jpg\" class=\"attachment-medium size-medium\" alt=\"\" decoding=\"async\" loading=\"lazy\" aria-describedby=\"gallery-1-7470\" srcset=\"https:\/\/anvisible.com\/wp-content\/blogs.dir\/1\/files\/2016\/04\/2016-04-13-09-400x300.jpg 400w, https:\/\/anvisible.com\/wp-content\/blogs.dir\/1\/files\/2016\/04\/2016-04-13-09-200x150.jpg 200w, https:\/\/anvisible.com\/wp-content\/blogs.dir\/1\/files\/2016\/04\/2016-04-13-09-768x576.jpg 768w, https:\/\/anvisible.com\/wp-content\/blogs.dir\/1\/files\/2016\/04\/2016-04-13-09-600x450.jpg 600w, https:\/\/anvisible.com\/wp-content\/blogs.dir\/1\/files\/2016\/04\/2016-04-13-09.jpg 1000w\" sizes=\"(max-width: 400px) 100vw, 400px\" \/><\/a>\n\t\t\t<\/dt>\n\t\t\t\t<dd class='wp-caption-text gallery-caption' id='gallery-1-7470'>\n\t\t\t\tAndr\u00e9s reparierte die abbl\u00e4tternde Farbe an diesem Abschnitt der Grenzmauer\n\t\t\t\t<\/dd><\/dl><br style=\"clear: both\" \/><dl class='gallery-item'>\n\t\t\t<dt class='gallery-icon landscape'>\n\t\t\t\t<a href='https:\/\/anvisible.com\/de\/2016-04-13-10-2\/'><img width=\"400\" height=\"300\" src=\"https:\/\/anvisible.com\/wp-content\/blogs.dir\/1\/files\/2016\/04\/2016-04-13-10-400x300.jpg\" class=\"attachment-medium size-medium\" alt=\"\" decoding=\"async\" loading=\"lazy\" aria-describedby=\"gallery-1-7475\" srcset=\"https:\/\/anvisible.com\/wp-content\/blogs.dir\/1\/files\/2016\/04\/2016-04-13-10-400x300.jpg 400w, https:\/\/anvisible.com\/wp-content\/blogs.dir\/1\/files\/2016\/04\/2016-04-13-10-200x150.jpg 200w, https:\/\/anvisible.com\/wp-content\/blogs.dir\/1\/files\/2016\/04\/2016-04-13-10-768x576.jpg 768w, https:\/\/anvisible.com\/wp-content\/blogs.dir\/1\/files\/2016\/04\/2016-04-13-10-600x450.jpg 600w, https:\/\/anvisible.com\/wp-content\/blogs.dir\/1\/files\/2016\/04\/2016-04-13-10.jpg 1000w\" sizes=\"(max-width: 400px) 100vw, 400px\" \/><\/a>\n\t\t\t<\/dt>\n\t\t\t\t<dd class='wp-caption-text gallery-caption' id='gallery-1-7475'>\n\t\t\t\tEine unserer gro\u00dfen Rollen Plastik-Dach ist ausgebreitet, so dass die dreiecksf\u00f6rmigen Dachabschnitte ausges\u00e4gt werden k\u00f6nnen. Wie bei einem sehr komplizierten Puzzle.\n\t\t\t\t<\/dd><\/dl><br style=\"clear: both\" \/><dl class='gallery-item'>\n\t\t\t<dt class='gallery-icon landscape'>\n\t\t\t\t<a href='https:\/\/anvisible.com\/de\/2016-04-13-11-2\/'><img width=\"400\" height=\"300\" src=\"https:\/\/anvisible.com\/wp-content\/blogs.dir\/1\/files\/2016\/04\/2016-04-13-11-400x300.jpg\" class=\"attachment-medium size-medium\" alt=\"\" decoding=\"async\" loading=\"lazy\" aria-describedby=\"gallery-1-7480\" srcset=\"https:\/\/anvisible.com\/wp-content\/blogs.dir\/1\/files\/2016\/04\/2016-04-13-11-400x300.jpg 400w, https:\/\/anvisible.com\/wp-content\/blogs.dir\/1\/files\/2016\/04\/2016-04-13-11-200x150.jpg 200w, https:\/\/anvisible.com\/wp-content\/blogs.dir\/1\/files\/2016\/04\/2016-04-13-11-768x576.jpg 768w, https:\/\/anvisible.com\/wp-content\/blogs.dir\/1\/files\/2016\/04\/2016-04-13-11-600x450.jpg 600w, https:\/\/anvisible.com\/wp-content\/blogs.dir\/1\/files\/2016\/04\/2016-04-13-11.jpg 1000w\" sizes=\"(max-width: 400px) 100vw, 400px\" \/><\/a>\n\t\t\t<\/dt>\n\t\t\t\t<dd class='wp-caption-text gallery-caption' id='gallery-1-7480'>\n\t\t\t\tHier ist das soweit fertig gestellte Dach \u00fcber dem AN\u2022Chakana! Es f\u00fchlt sich sehr gut an und so, als ob es schon immer hierher geh\u00f6rte\n\t\t\t\t<\/dd><\/dl><br style=\"clear: both\" \/><dl class='gallery-item'>\n\t\t\t<dt class='gallery-icon landscape'>\n\t\t\t\t<a href='https:\/\/anvisible.com\/de\/2016-04-13-12-2\/'><img width=\"400\" height=\"300\" src=\"https:\/\/anvisible.com\/wp-content\/blogs.dir\/1\/files\/2016\/04\/2016-04-13-12-400x300.jpg\" class=\"attachment-medium size-medium\" alt=\"\" decoding=\"async\" loading=\"lazy\" aria-describedby=\"gallery-1-7485\" srcset=\"https:\/\/anvisible.com\/wp-content\/blogs.dir\/1\/files\/2016\/04\/2016-04-13-12-400x300.jpg 400w, https:\/\/anvisible.com\/wp-content\/blogs.dir\/1\/files\/2016\/04\/2016-04-13-12-200x150.jpg 200w, https:\/\/anvisible.com\/wp-content\/blogs.dir\/1\/files\/2016\/04\/2016-04-13-12-768x576.jpg 768w, https:\/\/anvisible.com\/wp-content\/blogs.dir\/1\/files\/2016\/04\/2016-04-13-12-600x450.jpg 600w, https:\/\/anvisible.com\/wp-content\/blogs.dir\/1\/files\/2016\/04\/2016-04-13-12.jpg 1000w\" sizes=\"(max-width: 400px) 100vw, 400px\" \/><\/a>\n\t\t\t<\/dt>\n\t\t\t\t<dd class='wp-caption-text gallery-caption' id='gallery-1-7485'>\n\t\t\t\tGerade als das AN\u2022Chakana-Dach fast fertig war, k\u00fcndigte German an, dass er und seine Leute eine Woche lang nicht kommen k\u00f6nnten! Somit hat das Dach noch immer diese gro\u00dfe \u00d6ffnung in der Mitte. Nach vielen \u00dcberlegungen haben wir uns daf\u00fcr entschieden, auch diese Mitte mit transparentem Plastik zu bedecken (und nicht mit farbigen Plastikteilen)\n\t\t\t\t<\/dd><\/dl><br style=\"clear: both\" \/><dl class='gallery-item'>\n\t\t\t<dt class='gallery-icon landscape'>\n\t\t\t\t<a href='https:\/\/anvisible.com\/de\/2016-04-13-13-2\/'><img width=\"400\" height=\"300\" src=\"https:\/\/anvisible.com\/wp-content\/blogs.dir\/1\/files\/2016\/04\/2016-04-13-13-400x300.jpg\" class=\"attachment-medium size-medium\" alt=\"\" decoding=\"async\" loading=\"lazy\" aria-describedby=\"gallery-1-7490\" srcset=\"https:\/\/anvisible.com\/wp-content\/blogs.dir\/1\/files\/2016\/04\/2016-04-13-13-400x300.jpg 400w, https:\/\/anvisible.com\/wp-content\/blogs.dir\/1\/files\/2016\/04\/2016-04-13-13-200x150.jpg 200w, https:\/\/anvisible.com\/wp-content\/blogs.dir\/1\/files\/2016\/04\/2016-04-13-13-768x576.jpg 768w, https:\/\/anvisible.com\/wp-content\/blogs.dir\/1\/files\/2016\/04\/2016-04-13-13-600x450.jpg 600w, https:\/\/anvisible.com\/wp-content\/blogs.dir\/1\/files\/2016\/04\/2016-04-13-13.jpg 1000w\" sizes=\"(max-width: 400px) 100vw, 400px\" \/><\/a>\n\t\t\t<\/dt>\n\t\t\t\t<dd class='wp-caption-text gallery-caption' id='gallery-1-7490'>\n\t\t\t\tDas AN\u2022Chakana-Dach duckt sich zwischen den B\u00e4umen und ist vom Rest des Gel\u00e4ndes kaum sichtbar.\n\t\t\t\t<\/dd><\/dl><br style=\"clear: both\" \/><dl class='gallery-item'>\n\t\t\t<dt class='gallery-icon portrait'>\n\t\t\t\t<a href='https:\/\/anvisible.com\/de\/2016-04-13-14-2\/'><img width=\"225\" height=\"300\" src=\"https:\/\/anvisible.com\/wp-content\/blogs.dir\/1\/files\/2016\/04\/2016-04-13-14-225x300.jpg\" class=\"attachment-medium size-medium\" alt=\"\" decoding=\"async\" loading=\"lazy\" aria-describedby=\"gallery-1-7495\" srcset=\"https:\/\/anvisible.com\/wp-content\/blogs.dir\/1\/files\/2016\/04\/2016-04-13-14-225x300.jpg 225w, https:\/\/anvisible.com\/wp-content\/blogs.dir\/1\/files\/2016\/04\/2016-04-13-14-113x150.jpg 113w, https:\/\/anvisible.com\/wp-content\/blogs.dir\/1\/files\/2016\/04\/2016-04-13-14-338x450.jpg 338w, https:\/\/anvisible.com\/wp-content\/blogs.dir\/1\/files\/2016\/04\/2016-04-13-14-400x533.jpg 400w, https:\/\/anvisible.com\/wp-content\/blogs.dir\/1\/files\/2016\/04\/2016-04-13-14.jpg 720w\" sizes=\"(max-width: 225px) 100vw, 225px\" \/><\/a>\n\t\t\t<\/dt>\n\t\t\t\t<dd class='wp-caption-text gallery-caption' id='gallery-1-7495'>\n\t\t\t\tTeams mit ungef\u00e4hr 30 Arbeitern haben damit begonnen die schwerden Zement-Strommasten den steilen Weg hinauf nach CanchaCancha zu bringen. Das wird mehrere Monate dauern, denn das Dorf ist ungef\u00e4hr 4-Stunden-Fussweg bergauf von hier.\n\nEs w\u00e4re sicher viel einfacher gewesen, Solar-Strom zu installieren.\n\nDanke, Carmen, f\u00fcr dieses Foto! \n\t\t\t\t<\/dd><\/dl><br style=\"clear: both\" \/><dl class='gallery-item'>\n\t\t\t<dt class='gallery-icon portrait'>\n\t\t\t\t<a href='https:\/\/anvisible.com\/de\/2016-04-13-15-2\/'><img width=\"268\" height=\"300\" src=\"https:\/\/anvisible.com\/wp-content\/blogs.dir\/1\/files\/2016\/04\/2016-04-13-15-268x300.jpg\" class=\"attachment-medium size-medium\" alt=\"\" decoding=\"async\" loading=\"lazy\" aria-describedby=\"gallery-1-7500\" srcset=\"https:\/\/anvisible.com\/wp-content\/blogs.dir\/1\/files\/2016\/04\/2016-04-13-15-268x300.jpg 268w, https:\/\/anvisible.com\/wp-content\/blogs.dir\/1\/files\/2016\/04\/2016-04-13-15-134x150.jpg 134w, https:\/\/anvisible.com\/wp-content\/blogs.dir\/1\/files\/2016\/04\/2016-04-13-15-402x450.jpg 402w, https:\/\/anvisible.com\/wp-content\/blogs.dir\/1\/files\/2016\/04\/2016-04-13-15-400x447.jpg 400w, https:\/\/anvisible.com\/wp-content\/blogs.dir\/1\/files\/2016\/04\/2016-04-13-15.jpg 430w\" sizes=\"(max-width: 268px) 100vw, 268px\" \/><\/a>\n\t\t\t<\/dt>\n\t\t\t\t<dd class='wp-caption-text gallery-caption' id='gallery-1-7500'>\n\t\t\t\tDies ist der enge, aufw\u00e4rts f\u00fchrende Pfad, den die Zement-Masten hinaufgebracht werden m\u00fcssen\n\nDanke, Carmen, f\u00fcr dieses Foto!\n\t\t\t\t<\/dd><\/dl><br style=\"clear: both\" \/>\n\t\t<\/div>","protected":false},"excerpt":{"rendered":"<p>Unser Fokus hat sich nun darauf gerichtet, unsere Mai-Veranstaltungen am Herzen von AN vorzubereiten. Es gibt noch viel zu tun bis unsere ersten Besucher am 1. Mai ankommen. Wir werden dann bis zum 17. Mai BesucherInnen hier haben, zweieinhalb Wochen, in denen viel los sein wird! Nachdem German das Dach \u00fcber dem AN\u2022Chakana fertig gestellt <a class=\"read-more\" href=\"https:\/\/anvisible.com\/de\/vorbereitungen-am-herzen-von-an\/\">[ Read More&#8230;. ]<\/a><\/p>\n","protected":false},"author":4,"featured_media":7429,"comment_status":"open","ping_status":"closed","sticky":false,"template":"","format":"standard","meta":[],"categories":[17],"tags":[],"_links":{"self":[{"href":"https:\/\/anvisible.com\/de\/wp-json\/wp\/v2\/posts\/7512"}],"collection":[{"href":"https:\/\/anvisible.com\/de\/wp-json\/wp\/v2\/posts"}],"about":[{"href":"https:\/\/anvisible.com\/de\/wp-json\/wp\/v2\/types\/post"}],"author":[{"embeddable":true,"href":"https:\/\/anvisible.com\/de\/wp-json\/wp\/v2\/users\/4"}],"replies":[{"embeddable":true,"href":"https:\/\/anvisible.com\/de\/wp-json\/wp\/v2\/comments?post=7512"}],"version-history":[{"count":2,"href":"https:\/\/anvisible.com\/de\/wp-json\/wp\/v2\/posts\/7512\/revisions"}],"predecessor-version":[{"id":7514,"href":"https:\/\/anvisible.com\/de\/wp-json\/wp\/v2\/posts\/7512\/revisions\/7514"}],"wp:featuredmedia":[{"embeddable":true,"href":"https:\/\/anvisible.com\/de\/wp-json\/wp\/v2\/media\/7429"}],"wp:attachment":[{"href":"https:\/\/anvisible.com\/de\/wp-json\/wp\/v2\/media?parent=7512"}],"wp:term":[{"taxonomy":"category","embeddable":true,"href":"https:\/\/anvisible.com\/de\/wp-json\/wp\/v2\/categories?post=7512"},{"taxonomy":"post_tag","embeddable":true,"href":"https:\/\/anvisible.com\/de\/wp-json\/wp\/v2\/tags?post=7512"}],"curies":[{"name":"wp","href":"https:\/\/api.w.org\/{rel}","templated":true}]}}