{"id":17315,"date":"2017-10-09T13:30:41","date_gmt":"2017-10-09T18:30:41","guid":{"rendered":"http:\/\/anvisible.com\/es\/in-den-feuern-der-transformation-geschmiedet-am-herzen-von-an\/"},"modified":"2017-10-10T08:12:49","modified_gmt":"2017-10-10T13:12:49","slug":"quemados-en-los-fuegos-de-transformacion-en-el-corazon-de-an","status":"publish","type":"post","link":"https:\/\/anvisible.com\/es\/quemados-en-los-fuegos-de-transformacion-en-el-corazon-de-an\/","title":{"rendered":"Qemados en los Fuegos de Transformaci\u00f3n en el Coraz\u00f3n de AN !"},"content":{"rendered":"<p>La semana pasada fue bastante intensa aqu\u00ed. El s\u00e1bado estall\u00f3 otro incendio en dos aldeas alejadas de nosotros. Estos incendios ocurren cuando los lugare\u00f1os queman sus campos y basura y los dejan desatendidos durante los fuertes vientos de la tarde de esta \u00e9poca del a\u00f1o. Como estamos al final de nuestra estaci\u00f3n seca de seis meses, los incendios se propagaron r\u00e1pidamente.<\/p>\n<p>El Domingo, el fuego coron\u00f3 la monta\u00f1a justo al lado del Coraz\u00f3n de AN. Los vecinos trataron de llamar a los bomberos voluntarios en el pueblo cercano de Calca, pero ellos ni siquiera atendieron el tel\u00e9fono. Por la tarde, Emanaku y yo nos sentamos como Guardianes Silenciosos en la Torre de AN y vimos el fuego descender nuestro monta\u00f1a .<\/p>\n<p>El Lunes por la ma\u00f1ana, el fuego se ve\u00eda mucho mejor hasta que empezaron los vientos de la tarde. Entonces el fuego se reaviv\u00f3 y se extendi\u00f3 a trav\u00e9s de nuestra monta\u00f1a. Sentimos que el Coraz\u00f3n de AN estar\u00eda a salvo si nos qued\u00e1bamos aqu\u00ed para sostener el Rayo, pero yo hice algunas maletas, por si acaso. En la ultima hora de la tarde, tuvimos un hu\u00e9sped de Nueva Zelanda lleg\u00f3 para pasar la noche en AN-Wasi. Nos encontramos con David en la puerta principal y le dimos la opci\u00f3n de irse o quedarse. Afortunadamente, eligi\u00f3 quedarse. Me sent\u00ed muy bien al tenerlo aqu\u00ed con nosotros, especialmente porque todav\u00eda me estoy recuperando de mi esguince de tobillo.<\/p>\n<p>Esta fue nuestra noche m\u00e1s desafiante. El fuego corri\u00f3 por la monta\u00f1a hacia nuestro valle. Los tres seguimos yendo a la Torre de AN para ver c\u00f3mo el fuego se acercaba cada vez m\u00e1s. Las energ\u00edas eran fuertes y el aire era totalmente electrizante! A altas horas de la noche subimos al cuarto de AN de nuestra casa e hicimos un muy poderoso Observadores Silenciosos del Coraz\u00f3n de AN, seguido por un Pa&#8217; a. Despu\u00e9s de eso, sent\u00edamos que estar\u00edamos bien.<\/p>\n<p>En la base de la monta\u00f1a hay macizos de \u00e1rboles que realmente no quer\u00edamos incendiar. Afortunadamente, el Martes por la ma\u00f1ana el fuego hab\u00eda llegado a los \u00e1rboles y se hab\u00eda apagado. Ninguno de los \u00e1rboles fue quemado! Fue bastante milagroso. Cuando los vientos de la tarde regresaron, tambi\u00e9n lo hizo el fuego. Esta vez, ocho bomberos y unos pocos lugare\u00f1os fueron a luchar contra los incendios, pero ninguno de ellos ten\u00eda equipo y la mayor\u00eda no ten\u00eda entrenamiento. Nosotros y nuestros vecinos les prestamos palas, picos y cubetas. Era obvio que no \u00edbamos a recibir mucha ayuda externa y era cosa de los residentes de aqu\u00ed.<\/p>\n<p>El Jueves, Emanaku se uni\u00f3 con otros para eliminar los puntos calientes restantes. Finalmente, el S\u00e1bado lleg\u00f3 una hora de fuerte lluvia, seguida por una lluvia constante el Domingo.<\/p>\n<p>Desde entonces, ambos hemos estado profundamente exhaustos. Hemos sido minuciosamente rastreados por los Fuegos de Transformaci\u00f3n, sinti\u00e9ndonos como si ellos hubieran pasado directamente por el n\u00facleo de nuestros seres. Nuestras prioridades han sido instant\u00e1neamente reorganizadas. Mucho de lo que era importante antes, ya no importa. Hemos profundizado inconmensurablemente.<\/p>\n<p>Durante la semana pasada, muchos de ustedes se unieron a nosotros para poner un c\u00edrculo de amor y protecci\u00f3n alrededor de nuestro valle y el Coraz\u00f3n de AN. Nosotros pod\u00edamos sentirles<\/p>\n<p>siempre con nosotros y su presencia era una gran fuente de fortaleza para nosotros. Les agradecemos desde nuestro Coraz\u00f3n de Coraz\u00f3nes! Nuestro \u00danico Ser Verdadero est\u00e1 m\u00e1s all\u00e1 de lo magn\u00edfico!<\/p>\n<p>Ahora por fin puedo centrar mi atenci\u00f3n para escribir el Informe del Oleaje de Octubre. La pr\u00f3xima semana retomaremos las obras de la Torre de AN y Sebasti\u00e1n y Keenuane estar\u00e1n llegando . Podemos sentir cambios masivos en el horizonte cercano.<\/p>\n<p>Con Verdadero, Verdadero Amor desde el Coraz\u00f3n de AN.<\/p>\n<p>TODO ESTA BIEN \u2026.<\/p>\n\n\t\t<style type=\"text\/css\">\n\t\t\t#gallery-1 {\n\t\t\t\tmargin: auto;\n\t\t\t}\n\t\t\t#gallery-1 .gallery-item {\n\t\t\t\tfloat: left;\n\t\t\t\tmargin-top: 10px;\n\t\t\t\ttext-align: center;\n\t\t\t\twidth: 100%;\n\t\t\t}\n\t\t\t#gallery-1 img {\n\t\t\t\tborder: 2px solid #cfcfcf;\n\t\t\t}\n\t\t\t#gallery-1 .gallery-caption {\n\t\t\t\tmargin-left: 0;\n\t\t\t}\n\t\t\t\/* see gallery_shortcode() in wp-includes\/media.php *\/\n\t\t<\/style>\n\t\t<div id='gallery-1' class='gallery galleryid-17315 gallery-columns-1 gallery-size-large'><dl class='gallery-item'>\n\t\t\t<dt class='gallery-icon landscape'>\n\t\t\t\t<img width=\"640\" height=\"424\" src=\"https:\/\/anvisible.com\/wp-content\/blogs.dir\/1\/files\/2017\/10\/2017-10-09-01-679x450.jpg\" class=\"attachment-large size-large\" alt=\"\" decoding=\"async\" loading=\"lazy\" aria-describedby=\"gallery-1-17152\" srcset=\"https:\/\/anvisible.com\/wp-content\/blogs.dir\/1\/files\/2017\/10\/2017-10-09-01-679x450.jpg 679w, https:\/\/anvisible.com\/wp-content\/blogs.dir\/1\/files\/2017\/10\/2017-10-09-01-210x139.jpg 210w, https:\/\/anvisible.com\/wp-content\/blogs.dir\/1\/files\/2017\/10\/2017-10-09-01-450x298.jpg 450w, https:\/\/anvisible.com\/wp-content\/blogs.dir\/1\/files\/2017\/10\/2017-10-09-01-768x509.jpg 768w, https:\/\/anvisible.com\/wp-content\/blogs.dir\/1\/files\/2017\/10\/2017-10-09-01-400x265.jpg 400w, https:\/\/anvisible.com\/wp-content\/blogs.dir\/1\/files\/2017\/10\/2017-10-09-01-300x199.jpg 300w, https:\/\/anvisible.com\/wp-content\/blogs.dir\/1\/files\/2017\/10\/2017-10-09-01.jpg 960w\" sizes=\"(max-width: 640px) 100vw, 640px\" \/>\n\t\t\t<\/dt>\n\t\t\t\t<dd class='wp-caption-text gallery-caption' id='gallery-1-17152'>\n\t\t\t\tSABADO , 30 de SEPTIEMBRE: <br>El incendio comenz\u00f3 alrededor del mediod\u00eda en un pueblo cercano. El domingo, esto comenz\u00f3 a venir sobre la monta\u00f1a junto al Coraz\u00f3n de AN.\n\t\t\t\t<\/dd><\/dl><br style=\"clear: both\" \/><dl class='gallery-item'>\n\t\t\t<dt class='gallery-icon landscape'>\n\t\t\t\t<img width=\"640\" height=\"424\" src=\"https:\/\/anvisible.com\/wp-content\/blogs.dir\/1\/files\/2017\/10\/2017-10-09-02-679x450.jpg\" class=\"attachment-large size-large\" alt=\"\" decoding=\"async\" loading=\"lazy\" aria-describedby=\"gallery-1-17157\" srcset=\"https:\/\/anvisible.com\/wp-content\/blogs.dir\/1\/files\/2017\/10\/2017-10-09-02-679x450.jpg 679w, https:\/\/anvisible.com\/wp-content\/blogs.dir\/1\/files\/2017\/10\/2017-10-09-02-210x139.jpg 210w, https:\/\/anvisible.com\/wp-content\/blogs.dir\/1\/files\/2017\/10\/2017-10-09-02-450x298.jpg 450w, https:\/\/anvisible.com\/wp-content\/blogs.dir\/1\/files\/2017\/10\/2017-10-09-02-768x509.jpg 768w, https:\/\/anvisible.com\/wp-content\/blogs.dir\/1\/files\/2017\/10\/2017-10-09-02-400x265.jpg 400w, https:\/\/anvisible.com\/wp-content\/blogs.dir\/1\/files\/2017\/10\/2017-10-09-02-300x199.jpg 300w, https:\/\/anvisible.com\/wp-content\/blogs.dir\/1\/files\/2017\/10\/2017-10-09-02.jpg 960w\" sizes=\"(max-width: 640px) 100vw, 640px\" \/>\n\t\t\t<\/dt>\n\t\t\t\t<dd class='wp-caption-text gallery-caption' id='gallery-1-17157'>\n\t\t\t\tDOMINGO , 1 de OCTUBRE: <br>A medida que los vientos de la tarde se hicieron m\u00e1s fuertes, el fuego se hizo m\u00e1s grande\n\t\t\t\t<\/dd><\/dl><br style=\"clear: both\" \/><dl class='gallery-item'>\n\t\t\t<dt class='gallery-icon landscape'>\n\t\t\t\t<img width=\"600\" height=\"450\" src=\"https:\/\/anvisible.com\/wp-content\/blogs.dir\/1\/files\/2017\/10\/2017-10-09-03-600x450.jpg\" class=\"attachment-large size-large\" alt=\"\" decoding=\"async\" loading=\"lazy\" aria-describedby=\"gallery-1-17162\" srcset=\"https:\/\/anvisible.com\/wp-content\/blogs.dir\/1\/files\/2017\/10\/2017-10-09-03-600x450.jpg 600w, https:\/\/anvisible.com\/wp-content\/blogs.dir\/1\/files\/2017\/10\/2017-10-09-03-200x150.jpg 200w, https:\/\/anvisible.com\/wp-content\/blogs.dir\/1\/files\/2017\/10\/2017-10-09-03-400x300.jpg 400w, https:\/\/anvisible.com\/wp-content\/blogs.dir\/1\/files\/2017\/10\/2017-10-09-03-768x576.jpg 768w, https:\/\/anvisible.com\/wp-content\/blogs.dir\/1\/files\/2017\/10\/2017-10-09-03-300x225.jpg 300w, https:\/\/anvisible.com\/wp-content\/blogs.dir\/1\/files\/2017\/10\/2017-10-09-03.jpg 960w\" sizes=\"(max-width: 600px) 100vw, 600px\" \/>\n\t\t\t<\/dt>\n\t\t\t\t<dd class='wp-caption-text gallery-caption' id='gallery-1-17162'>\n\t\t\t\tDOMINGO , 1 de OCTUBRE: <br>El domingo, como el fuego se acercaba, Emanaku y yo nos sentamos como Observadores Silenciosos en la Torre de Luz de AN.\n\t\t\t\t<\/dd><\/dl><br style=\"clear: both\" \/><dl class='gallery-item'>\n\t\t\t<dt class='gallery-icon landscape'>\n\t\t\t\t<img width=\"600\" height=\"450\" src=\"https:\/\/anvisible.com\/wp-content\/blogs.dir\/1\/files\/2017\/10\/2017-10-09-04-600x450.jpg\" class=\"attachment-large size-large\" alt=\"\" decoding=\"async\" loading=\"lazy\" aria-describedby=\"gallery-1-17168\" srcset=\"https:\/\/anvisible.com\/wp-content\/blogs.dir\/1\/files\/2017\/10\/2017-10-09-04-600x450.jpg 600w, https:\/\/anvisible.com\/wp-content\/blogs.dir\/1\/files\/2017\/10\/2017-10-09-04-200x150.jpg 200w, https:\/\/anvisible.com\/wp-content\/blogs.dir\/1\/files\/2017\/10\/2017-10-09-04-400x300.jpg 400w, https:\/\/anvisible.com\/wp-content\/blogs.dir\/1\/files\/2017\/10\/2017-10-09-04-768x576.jpg 768w, https:\/\/anvisible.com\/wp-content\/blogs.dir\/1\/files\/2017\/10\/2017-10-09-04-300x225.jpg 300w, https:\/\/anvisible.com\/wp-content\/blogs.dir\/1\/files\/2017\/10\/2017-10-09-04.jpg 960w\" sizes=\"(max-width: 600px) 100vw, 600px\" \/>\n\t\t\t<\/dt>\n\t\t\t\t<dd class='wp-caption-text gallery-caption' id='gallery-1-17168'>\n\t\t\t\tDOMINGO , 1 de OCTUBRE : <br>La vista de la tarde desde AN\u2022Wasi.\n\t\t\t\t<\/dd><\/dl><br style=\"clear: both\" \/><dl class='gallery-item'>\n\t\t\t<dt class='gallery-icon landscape'>\n\t\t\t\t<img width=\"640\" height=\"424\" src=\"https:\/\/anvisible.com\/wp-content\/blogs.dir\/1\/files\/2017\/10\/2017-10-09-05-679x450.jpg\" class=\"attachment-large size-large\" alt=\"\" decoding=\"async\" loading=\"lazy\" aria-describedby=\"gallery-1-17173\" srcset=\"https:\/\/anvisible.com\/wp-content\/blogs.dir\/1\/files\/2017\/10\/2017-10-09-05-679x450.jpg 679w, https:\/\/anvisible.com\/wp-content\/blogs.dir\/1\/files\/2017\/10\/2017-10-09-05-210x139.jpg 210w, https:\/\/anvisible.com\/wp-content\/blogs.dir\/1\/files\/2017\/10\/2017-10-09-05-450x298.jpg 450w, https:\/\/anvisible.com\/wp-content\/blogs.dir\/1\/files\/2017\/10\/2017-10-09-05-768x509.jpg 768w, https:\/\/anvisible.com\/wp-content\/blogs.dir\/1\/files\/2017\/10\/2017-10-09-05-400x265.jpg 400w, https:\/\/anvisible.com\/wp-content\/blogs.dir\/1\/files\/2017\/10\/2017-10-09-05-300x199.jpg 300w, https:\/\/anvisible.com\/wp-content\/blogs.dir\/1\/files\/2017\/10\/2017-10-09-05.jpg 960w\" sizes=\"(max-width: 640px) 100vw, 640px\" \/>\n\t\t\t<\/dt>\n\t\t\t\t<dd class='wp-caption-text gallery-caption' id='gallery-1-17173'>\n\t\t\t\tDOMINGO , 1 de OCTUBRE: <br>A primera hora de la tarde el fuego estaba bajando por la monta\u00f1a, IncaWarq&#8217;ana, junto a nosotros.\n\t\t\t\t<\/dd><\/dl><br style=\"clear: both\" \/><dl class='gallery-item'>\n\t\t\t<dt class='gallery-icon landscape'>\n\t\t\t\t<img width=\"640\" height=\"285\" src=\"https:\/\/anvisible.com\/wp-content\/blogs.dir\/1\/files\/2017\/10\/2017-10-09-06-768x342.jpg\" class=\"attachment-large size-large\" alt=\"\" decoding=\"async\" loading=\"lazy\" aria-describedby=\"gallery-1-17178\" srcset=\"https:\/\/anvisible.com\/wp-content\/blogs.dir\/1\/files\/2017\/10\/2017-10-09-06-768x342.jpg 768w, https:\/\/anvisible.com\/wp-content\/blogs.dir\/1\/files\/2017\/10\/2017-10-09-06-210x93.jpg 210w, https:\/\/anvisible.com\/wp-content\/blogs.dir\/1\/files\/2017\/10\/2017-10-09-06-450x200.jpg 450w, https:\/\/anvisible.com\/wp-content\/blogs.dir\/1\/files\/2017\/10\/2017-10-09-06-400x178.jpg 400w, https:\/\/anvisible.com\/wp-content\/blogs.dir\/1\/files\/2017\/10\/2017-10-09-06-300x133.jpg 300w, https:\/\/anvisible.com\/wp-content\/blogs.dir\/1\/files\/2017\/10\/2017-10-09-06.jpg 960w\" sizes=\"(max-width: 640px) 100vw, 640px\" \/>\n\t\t\t<\/dt>\n\t\t\t\t<dd class='wp-caption-text gallery-caption' id='gallery-1-17178'>\n\t\t\t\tDOMINGO , 1 de OCTUBRE: <br>Enormes Dragones de Fuego fueron vistos en las llamas.\n\t\t\t\t<\/dd><\/dl><br style=\"clear: both\" \/><dl class='gallery-item'>\n\t\t\t<dt class='gallery-icon landscape'>\n\t\t\t\t<img width=\"640\" height=\"388\" src=\"https:\/\/anvisible.com\/wp-content\/blogs.dir\/1\/files\/2017\/10\/2017-10-09-07-742x450.jpg\" class=\"attachment-large size-large\" alt=\"\" decoding=\"async\" loading=\"lazy\" aria-describedby=\"gallery-1-17183\" srcset=\"https:\/\/anvisible.com\/wp-content\/blogs.dir\/1\/files\/2017\/10\/2017-10-09-07-742x450.jpg 742w, https:\/\/anvisible.com\/wp-content\/blogs.dir\/1\/files\/2017\/10\/2017-10-09-07-210x127.jpg 210w, https:\/\/anvisible.com\/wp-content\/blogs.dir\/1\/files\/2017\/10\/2017-10-09-07-450x273.jpg 450w, https:\/\/anvisible.com\/wp-content\/blogs.dir\/1\/files\/2017\/10\/2017-10-09-07-768x466.jpg 768w, https:\/\/anvisible.com\/wp-content\/blogs.dir\/1\/files\/2017\/10\/2017-10-09-07-400x243.jpg 400w, https:\/\/anvisible.com\/wp-content\/blogs.dir\/1\/files\/2017\/10\/2017-10-09-07-300x182.jpg 300w, https:\/\/anvisible.com\/wp-content\/blogs.dir\/1\/files\/2017\/10\/2017-10-09-07.jpg 960w\" sizes=\"(max-width: 640px) 100vw, 640px\" \/>\n\t\t\t<\/dt>\n\t\t\t\t<dd class='wp-caption-text gallery-caption' id='gallery-1-17183'>\n\t\t\t\tDOMINGO , 1 de OCTUBRE: <br>La espectacular vista desde AN-Wasi el Domingo por la noche.\n\t\t\t\t<\/dd><\/dl><br style=\"clear: both\" \/><dl class='gallery-item'>\n\t\t\t<dt class='gallery-icon landscape'>\n\t\t\t\t<img width=\"600\" height=\"450\" src=\"https:\/\/anvisible.com\/wp-content\/blogs.dir\/1\/files\/2017\/10\/2017-10-09-08-600x450.jpg\" class=\"attachment-large size-large\" alt=\"\" decoding=\"async\" loading=\"lazy\" aria-describedby=\"gallery-1-17188\" srcset=\"https:\/\/anvisible.com\/wp-content\/blogs.dir\/1\/files\/2017\/10\/2017-10-09-08-600x450.jpg 600w, https:\/\/anvisible.com\/wp-content\/blogs.dir\/1\/files\/2017\/10\/2017-10-09-08-200x150.jpg 200w, https:\/\/anvisible.com\/wp-content\/blogs.dir\/1\/files\/2017\/10\/2017-10-09-08-400x300.jpg 400w, https:\/\/anvisible.com\/wp-content\/blogs.dir\/1\/files\/2017\/10\/2017-10-09-08-768x576.jpg 768w, https:\/\/anvisible.com\/wp-content\/blogs.dir\/1\/files\/2017\/10\/2017-10-09-08-300x225.jpg 300w, https:\/\/anvisible.com\/wp-content\/blogs.dir\/1\/files\/2017\/10\/2017-10-09-08.jpg 960w\" sizes=\"(max-width: 600px) 100vw, 600px\" \/>\n\t\t\t<\/dt>\n\t\t\t\t<dd class='wp-caption-text gallery-caption' id='gallery-1-17188'>\n\t\t\t\tLUNES , 2 de OCTUBRE: <br>El incendio del Lunes por la ma\u00f1ana, 2 de Octubre. En este punto, a\u00fan esper\u00e1bamos que el fuego no se nos acercara m\u00e1s.\n\t\t\t\t<\/dd><\/dl><br style=\"clear: both\" \/><dl class='gallery-item'>\n\t\t\t<dt class='gallery-icon landscape'>\n\t\t\t\t<img width=\"600\" height=\"450\" src=\"https:\/\/anvisible.com\/wp-content\/blogs.dir\/1\/files\/2017\/10\/2017-10-09-09-600x450.jpg\" class=\"attachment-large size-large\" alt=\"\" decoding=\"async\" loading=\"lazy\" aria-describedby=\"gallery-1-17193\" srcset=\"https:\/\/anvisible.com\/wp-content\/blogs.dir\/1\/files\/2017\/10\/2017-10-09-09-600x450.jpg 600w, https:\/\/anvisible.com\/wp-content\/blogs.dir\/1\/files\/2017\/10\/2017-10-09-09-200x150.jpg 200w, https:\/\/anvisible.com\/wp-content\/blogs.dir\/1\/files\/2017\/10\/2017-10-09-09-400x300.jpg 400w, https:\/\/anvisible.com\/wp-content\/blogs.dir\/1\/files\/2017\/10\/2017-10-09-09-768x576.jpg 768w, https:\/\/anvisible.com\/wp-content\/blogs.dir\/1\/files\/2017\/10\/2017-10-09-09-300x225.jpg 300w, https:\/\/anvisible.com\/wp-content\/blogs.dir\/1\/files\/2017\/10\/2017-10-09-09.jpg 960w\" sizes=\"(max-width: 600px) 100vw, 600px\" \/>\n\t\t\t<\/dt>\n\t\t\t\t<dd class='wp-caption-text gallery-caption' id='gallery-1-17193'>\n\t\t\t\tLUNES , 2 de OCTUBRE: <br>A medida que los vientos de la tarde aumentaron, tambi\u00e9n lo hizo el fuego!\n\t\t\t\t<\/dd><\/dl><br style=\"clear: both\" \/><dl class='gallery-item'>\n\t\t\t<dt class='gallery-icon landscape'>\n\t\t\t\t<img width=\"600\" height=\"450\" src=\"https:\/\/anvisible.com\/wp-content\/blogs.dir\/1\/files\/2017\/10\/2017-10-09-10-600x450.jpg\" class=\"attachment-large size-large\" alt=\"\" decoding=\"async\" loading=\"lazy\" aria-describedby=\"gallery-1-17198\" srcset=\"https:\/\/anvisible.com\/wp-content\/blogs.dir\/1\/files\/2017\/10\/2017-10-09-10-600x450.jpg 600w, https:\/\/anvisible.com\/wp-content\/blogs.dir\/1\/files\/2017\/10\/2017-10-09-10-200x150.jpg 200w, https:\/\/anvisible.com\/wp-content\/blogs.dir\/1\/files\/2017\/10\/2017-10-09-10-400x300.jpg 400w, https:\/\/anvisible.com\/wp-content\/blogs.dir\/1\/files\/2017\/10\/2017-10-09-10-768x576.jpg 768w, https:\/\/anvisible.com\/wp-content\/blogs.dir\/1\/files\/2017\/10\/2017-10-09-10-300x225.jpg 300w, https:\/\/anvisible.com\/wp-content\/blogs.dir\/1\/files\/2017\/10\/2017-10-09-10.jpg 960w\" sizes=\"(max-width: 600px) 100vw, 600px\" \/>\n\t\t\t<\/dt>\n\t\t\t\t<dd class='wp-caption-text gallery-caption' id='gallery-1-17198'>\n\t\t\t\tLUNES , 2 de OCTUBRE: <br>Luna y Leo se turnaron para probar el porta gato por si ten\u00edamos que evacuar.\n\t\t\t\t<\/dd><\/dl><br style=\"clear: both\" \/><dl class='gallery-item'>\n\t\t\t<dt class='gallery-icon landscape'>\n\t\t\t\t<img width=\"600\" height=\"450\" src=\"https:\/\/anvisible.com\/wp-content\/blogs.dir\/1\/files\/2017\/10\/2017-10-09-11-600x450.jpg\" class=\"attachment-large size-large\" alt=\"\" decoding=\"async\" loading=\"lazy\" aria-describedby=\"gallery-1-17203\" srcset=\"https:\/\/anvisible.com\/wp-content\/blogs.dir\/1\/files\/2017\/10\/2017-10-09-11-600x450.jpg 600w, https:\/\/anvisible.com\/wp-content\/blogs.dir\/1\/files\/2017\/10\/2017-10-09-11-200x150.jpg 200w, https:\/\/anvisible.com\/wp-content\/blogs.dir\/1\/files\/2017\/10\/2017-10-09-11-400x300.jpg 400w, https:\/\/anvisible.com\/wp-content\/blogs.dir\/1\/files\/2017\/10\/2017-10-09-11-768x576.jpg 768w, https:\/\/anvisible.com\/wp-content\/blogs.dir\/1\/files\/2017\/10\/2017-10-09-11-300x225.jpg 300w, https:\/\/anvisible.com\/wp-content\/blogs.dir\/1\/files\/2017\/10\/2017-10-09-11.jpg 960w\" sizes=\"(max-width: 600px) 100vw, 600px\" \/>\n\t\t\t<\/dt>\n\t\t\t\t<dd class='wp-caption-text gallery-caption' id='gallery-1-17203'>\n\t\t\t\tLUNES , 2 de OCTUBRE: <br>Pedro inund\u00f3 el campo alrededor de la Torre de AN para hacerlo m\u00e1s resistente al fuego.\n\t\t\t\t<\/dd><\/dl><br style=\"clear: both\" \/><dl class='gallery-item'>\n\t\t\t<dt class='gallery-icon landscape'>\n\t\t\t\t<img width=\"600\" height=\"450\" src=\"https:\/\/anvisible.com\/wp-content\/blogs.dir\/1\/files\/2017\/10\/2017-10-09-12-600x450.jpg\" class=\"attachment-large size-large\" alt=\"\" decoding=\"async\" loading=\"lazy\" aria-describedby=\"gallery-1-17208\" srcset=\"https:\/\/anvisible.com\/wp-content\/blogs.dir\/1\/files\/2017\/10\/2017-10-09-12-600x450.jpg 600w, https:\/\/anvisible.com\/wp-content\/blogs.dir\/1\/files\/2017\/10\/2017-10-09-12-200x150.jpg 200w, https:\/\/anvisible.com\/wp-content\/blogs.dir\/1\/files\/2017\/10\/2017-10-09-12-400x300.jpg 400w, https:\/\/anvisible.com\/wp-content\/blogs.dir\/1\/files\/2017\/10\/2017-10-09-12-768x576.jpg 768w, https:\/\/anvisible.com\/wp-content\/blogs.dir\/1\/files\/2017\/10\/2017-10-09-12-300x225.jpg 300w, https:\/\/anvisible.com\/wp-content\/blogs.dir\/1\/files\/2017\/10\/2017-10-09-12.jpg 960w\" sizes=\"(max-width: 600px) 100vw, 600px\" \/>\n\t\t\t<\/dt>\n\t\t\t\t<dd class='wp-caption-text gallery-caption' id='gallery-1-17208'>\n\t\t\t\tLUNES , 2 de OCTUBRE: <br>Eman\u00e1ku puso agua en nuestras cercas de carrizo y \u00e1rboles .\n\t\t\t\t<\/dd><\/dl><br style=\"clear: both\" \/><dl class='gallery-item'>\n\t\t\t<dt class='gallery-icon landscape'>\n\t\t\t\t<img width=\"600\" height=\"450\" src=\"https:\/\/anvisible.com\/wp-content\/blogs.dir\/1\/files\/2017\/10\/2017-10-09-13-600x450.jpg\" class=\"attachment-large size-large\" alt=\"\" decoding=\"async\" loading=\"lazy\" aria-describedby=\"gallery-1-17213\" srcset=\"https:\/\/anvisible.com\/wp-content\/blogs.dir\/1\/files\/2017\/10\/2017-10-09-13-600x450.jpg 600w, https:\/\/anvisible.com\/wp-content\/blogs.dir\/1\/files\/2017\/10\/2017-10-09-13-200x150.jpg 200w, https:\/\/anvisible.com\/wp-content\/blogs.dir\/1\/files\/2017\/10\/2017-10-09-13-400x300.jpg 400w, https:\/\/anvisible.com\/wp-content\/blogs.dir\/1\/files\/2017\/10\/2017-10-09-13-768x576.jpg 768w, https:\/\/anvisible.com\/wp-content\/blogs.dir\/1\/files\/2017\/10\/2017-10-09-13-300x225.jpg 300w, https:\/\/anvisible.com\/wp-content\/blogs.dir\/1\/files\/2017\/10\/2017-10-09-13.jpg 960w\" sizes=\"(max-width: 600px) 100vw, 600px\" \/>\n\t\t\t<\/dt>\n\t\t\t\t<dd class='wp-caption-text gallery-caption' id='gallery-1-17213'>\n\t\t\t\tLUNES , 2 de OCTUBRE: <br>Aqu\u00ed es cuando lleg\u00f3 nuestro visitante de Nueva Zelanda! Nos encontramos con David en la puerta principal y le dimos la opci\u00f3n de quedarse o irse. Afortunadamente, eligi\u00f3 quedarse. Qu\u00e9 momento impecable para llegar en este momento! Y David de Warenne incluso ha tenido experiencia en la lucha contra incendios.\n\t\t\t\t<\/dd><\/dl><br style=\"clear: both\" \/><dl class='gallery-item'>\n\t\t\t<dt class='gallery-icon landscape'>\n\t\t\t\t<img width=\"640\" height=\"267\" src=\"https:\/\/anvisible.com\/wp-content\/blogs.dir\/1\/files\/2017\/10\/2017-10-09-14-768x320.jpg\" class=\"attachment-large size-large\" alt=\"\" decoding=\"async\" loading=\"lazy\" aria-describedby=\"gallery-1-17218\" srcset=\"https:\/\/anvisible.com\/wp-content\/blogs.dir\/1\/files\/2017\/10\/2017-10-09-14-768x320.jpg 768w, https:\/\/anvisible.com\/wp-content\/blogs.dir\/1\/files\/2017\/10\/2017-10-09-14-210x88.jpg 210w, https:\/\/anvisible.com\/wp-content\/blogs.dir\/1\/files\/2017\/10\/2017-10-09-14-450x188.jpg 450w, https:\/\/anvisible.com\/wp-content\/blogs.dir\/1\/files\/2017\/10\/2017-10-09-14-400x167.jpg 400w, https:\/\/anvisible.com\/wp-content\/blogs.dir\/1\/files\/2017\/10\/2017-10-09-14-300x125.jpg 300w, https:\/\/anvisible.com\/wp-content\/blogs.dir\/1\/files\/2017\/10\/2017-10-09-14.jpg 960w\" sizes=\"(max-width: 640px) 100vw, 640px\" \/>\n\t\t\t<\/dt>\n\t\t\t\t<dd class='wp-caption-text gallery-caption' id='gallery-1-17218'>\n\t\t\t\tLUNES , 2 de OCTUBRE: <br>En la tarde temprana del Lunes , 2 de octubre, el fuego se extendi\u00f3 enormemente.\n\t\t\t\t<\/dd><\/dl><br style=\"clear: both\" \/><dl class='gallery-item'>\n\t\t\t<dt class='gallery-icon landscape'>\n\t\t\t\t<img width=\"640\" height=\"424\" src=\"https:\/\/anvisible.com\/wp-content\/blogs.dir\/1\/files\/2017\/10\/2017-10-09-15-679x450.jpg\" class=\"attachment-large size-large\" alt=\"\" decoding=\"async\" loading=\"lazy\" aria-describedby=\"gallery-1-17223\" srcset=\"https:\/\/anvisible.com\/wp-content\/blogs.dir\/1\/files\/2017\/10\/2017-10-09-15-679x450.jpg 679w, https:\/\/anvisible.com\/wp-content\/blogs.dir\/1\/files\/2017\/10\/2017-10-09-15-210x139.jpg 210w, https:\/\/anvisible.com\/wp-content\/blogs.dir\/1\/files\/2017\/10\/2017-10-09-15-450x298.jpg 450w, https:\/\/anvisible.com\/wp-content\/blogs.dir\/1\/files\/2017\/10\/2017-10-09-15-768x509.jpg 768w, https:\/\/anvisible.com\/wp-content\/blogs.dir\/1\/files\/2017\/10\/2017-10-09-15-400x265.jpg 400w, https:\/\/anvisible.com\/wp-content\/blogs.dir\/1\/files\/2017\/10\/2017-10-09-15-300x199.jpg 300w, https:\/\/anvisible.com\/wp-content\/blogs.dir\/1\/files\/2017\/10\/2017-10-09-15.jpg 960w\" sizes=\"(max-width: 640px) 100vw, 640px\" \/>\n\t\t\t<\/dt>\n\t\t\t\t<dd class='wp-caption-text gallery-caption' id='gallery-1-17223'>\n\t\t\t\tLUNES , 2 de OCTUBRE: <br>Incluso hab\u00eda un gran coraz\u00f3n en medio del fuego.\n\t\t\t\t<\/dd><\/dl><br style=\"clear: both\" \/><dl class='gallery-item'>\n\t\t\t<dt class='gallery-icon landscape'>\n\t\t\t\t<img width=\"640\" height=\"424\" src=\"https:\/\/anvisible.com\/wp-content\/blogs.dir\/1\/files\/2017\/10\/2017-10-09-16-679x450.jpg\" class=\"attachment-large size-large\" alt=\"\" decoding=\"async\" loading=\"lazy\" aria-describedby=\"gallery-1-17228\" srcset=\"https:\/\/anvisible.com\/wp-content\/blogs.dir\/1\/files\/2017\/10\/2017-10-09-16-679x450.jpg 679w, https:\/\/anvisible.com\/wp-content\/blogs.dir\/1\/files\/2017\/10\/2017-10-09-16-210x139.jpg 210w, https:\/\/anvisible.com\/wp-content\/blogs.dir\/1\/files\/2017\/10\/2017-10-09-16-450x298.jpg 450w, https:\/\/anvisible.com\/wp-content\/blogs.dir\/1\/files\/2017\/10\/2017-10-09-16-768x509.jpg 768w, https:\/\/anvisible.com\/wp-content\/blogs.dir\/1\/files\/2017\/10\/2017-10-09-16-400x265.jpg 400w, https:\/\/anvisible.com\/wp-content\/blogs.dir\/1\/files\/2017\/10\/2017-10-09-16-300x199.jpg 300w, https:\/\/anvisible.com\/wp-content\/blogs.dir\/1\/files\/2017\/10\/2017-10-09-16.jpg 960w\" sizes=\"(max-width: 640px) 100vw, 640px\" \/>\n\t\t\t<\/dt>\n\t\t\t\t<dd class='wp-caption-text gallery-caption' id='gallery-1-17228'>\n\t\t\t\tLUNES , 2 de OCTUBRE: <br>El valle se llen\u00f3 de humo y cenizas ardientes. Pod\u00edamos o\u00edr ruidosos estallidos de rocas y \u00e1rboles que explotaban en la monta\u00f1a a nuestro lado.\n\t\t\t\t<\/dd><\/dl><br style=\"clear: both\" \/><dl class='gallery-item'>\n\t\t\t<dt class='gallery-icon landscape'>\n\t\t\t\t<img width=\"640\" height=\"424\" src=\"https:\/\/anvisible.com\/wp-content\/blogs.dir\/1\/files\/2017\/10\/2017-10-09-17-679x450.jpg\" class=\"attachment-large size-large\" alt=\"\" decoding=\"async\" loading=\"lazy\" aria-describedby=\"gallery-1-17233\" srcset=\"https:\/\/anvisible.com\/wp-content\/blogs.dir\/1\/files\/2017\/10\/2017-10-09-17-679x450.jpg 679w, https:\/\/anvisible.com\/wp-content\/blogs.dir\/1\/files\/2017\/10\/2017-10-09-17-210x139.jpg 210w, https:\/\/anvisible.com\/wp-content\/blogs.dir\/1\/files\/2017\/10\/2017-10-09-17-450x298.jpg 450w, https:\/\/anvisible.com\/wp-content\/blogs.dir\/1\/files\/2017\/10\/2017-10-09-17-768x509.jpg 768w, https:\/\/anvisible.com\/wp-content\/blogs.dir\/1\/files\/2017\/10\/2017-10-09-17-400x265.jpg 400w, https:\/\/anvisible.com\/wp-content\/blogs.dir\/1\/files\/2017\/10\/2017-10-09-17-300x199.jpg 300w, https:\/\/anvisible.com\/wp-content\/blogs.dir\/1\/files\/2017\/10\/2017-10-09-17.jpg 960w\" sizes=\"(max-width: 640px) 100vw, 640px\" \/>\n\t\t\t<\/dt>\n\t\t\t\t<dd class='wp-caption-text gallery-caption' id='gallery-1-17233'>\n\t\t\t\tLUNES , 2 de OCTUBRE: <br>El fuego continu\u00f3 descendiendo abajo por la monta\u00f1a con tremendo poder.\n\t\t\t\t<\/dd><\/dl><br style=\"clear: both\" \/><dl class='gallery-item'>\n\t\t\t<dt class='gallery-icon landscape'>\n\t\t\t\t<img width=\"640\" height=\"424\" src=\"https:\/\/anvisible.com\/wp-content\/blogs.dir\/1\/files\/2017\/10\/2017-10-09-18-679x450.jpg\" class=\"attachment-large size-large\" alt=\"\" decoding=\"async\" loading=\"lazy\" aria-describedby=\"gallery-1-17238\" srcset=\"https:\/\/anvisible.com\/wp-content\/blogs.dir\/1\/files\/2017\/10\/2017-10-09-18-679x450.jpg 679w, https:\/\/anvisible.com\/wp-content\/blogs.dir\/1\/files\/2017\/10\/2017-10-09-18-210x139.jpg 210w, https:\/\/anvisible.com\/wp-content\/blogs.dir\/1\/files\/2017\/10\/2017-10-09-18-450x298.jpg 450w, https:\/\/anvisible.com\/wp-content\/blogs.dir\/1\/files\/2017\/10\/2017-10-09-18-768x509.jpg 768w, https:\/\/anvisible.com\/wp-content\/blogs.dir\/1\/files\/2017\/10\/2017-10-09-18-400x265.jpg 400w, https:\/\/anvisible.com\/wp-content\/blogs.dir\/1\/files\/2017\/10\/2017-10-09-18-300x199.jpg 300w, https:\/\/anvisible.com\/wp-content\/blogs.dir\/1\/files\/2017\/10\/2017-10-09-18.jpg 960w\" sizes=\"(max-width: 640px) 100vw, 640px\" \/>\n\t\t\t<\/dt>\n\t\t\t\t<dd class='wp-caption-text gallery-caption' id='gallery-1-17238'>\n\t\t\t\tLUNES , 2 de OCTUBRE: <br>El centro de la Torre de AN destellaba a la luz del fuego.\n\t\t\t\t<\/dd><\/dl><br style=\"clear: both\" \/><dl class='gallery-item'>\n\t\t\t<dt class='gallery-icon landscape'>\n\t\t\t\t<img width=\"640\" height=\"424\" src=\"https:\/\/anvisible.com\/wp-content\/blogs.dir\/1\/files\/2017\/10\/2017-10-09-19-679x450.jpg\" class=\"attachment-large size-large\" alt=\"\" decoding=\"async\" loading=\"lazy\" aria-describedby=\"gallery-1-17243\" srcset=\"https:\/\/anvisible.com\/wp-content\/blogs.dir\/1\/files\/2017\/10\/2017-10-09-19-679x450.jpg 679w, https:\/\/anvisible.com\/wp-content\/blogs.dir\/1\/files\/2017\/10\/2017-10-09-19-210x139.jpg 210w, https:\/\/anvisible.com\/wp-content\/blogs.dir\/1\/files\/2017\/10\/2017-10-09-19-450x298.jpg 450w, https:\/\/anvisible.com\/wp-content\/blogs.dir\/1\/files\/2017\/10\/2017-10-09-19-768x509.jpg 768w, https:\/\/anvisible.com\/wp-content\/blogs.dir\/1\/files\/2017\/10\/2017-10-09-19-400x265.jpg 400w, https:\/\/anvisible.com\/wp-content\/blogs.dir\/1\/files\/2017\/10\/2017-10-09-19-300x199.jpg 300w, https:\/\/anvisible.com\/wp-content\/blogs.dir\/1\/files\/2017\/10\/2017-10-09-19.jpg 960w\" sizes=\"(max-width: 640px) 100vw, 640px\" \/>\n\t\t\t<\/dt>\n\t\t\t\t<dd class='wp-caption-text gallery-caption' id='gallery-1-17243'>\n\t\t\t\tLUNES , 2 de OCTUBRE: <br>Aqu\u00ed est\u00e1 el centro luminoso de la Torre de Luz de AN\n\t\t\t\t<\/dd><\/dl><br style=\"clear: both\" \/><dl class='gallery-item'>\n\t\t\t<dt class='gallery-icon landscape'>\n\t\t\t\t<img width=\"640\" height=\"424\" src=\"https:\/\/anvisible.com\/wp-content\/blogs.dir\/1\/files\/2017\/10\/2017-10-09-20-679x450.jpg\" class=\"attachment-large size-large\" alt=\"\" decoding=\"async\" loading=\"lazy\" aria-describedby=\"gallery-1-17248\" srcset=\"https:\/\/anvisible.com\/wp-content\/blogs.dir\/1\/files\/2017\/10\/2017-10-09-20-679x450.jpg 679w, https:\/\/anvisible.com\/wp-content\/blogs.dir\/1\/files\/2017\/10\/2017-10-09-20-210x139.jpg 210w, https:\/\/anvisible.com\/wp-content\/blogs.dir\/1\/files\/2017\/10\/2017-10-09-20-450x298.jpg 450w, https:\/\/anvisible.com\/wp-content\/blogs.dir\/1\/files\/2017\/10\/2017-10-09-20-768x509.jpg 768w, https:\/\/anvisible.com\/wp-content\/blogs.dir\/1\/files\/2017\/10\/2017-10-09-20-400x265.jpg 400w, https:\/\/anvisible.com\/wp-content\/blogs.dir\/1\/files\/2017\/10\/2017-10-09-20-300x199.jpg 300w, https:\/\/anvisible.com\/wp-content\/blogs.dir\/1\/files\/2017\/10\/2017-10-09-20.jpg 960w\" sizes=\"(max-width: 640px) 100vw, 640px\" \/>\n\t\t\t<\/dt>\n\t\t\t\t<dd class='wp-caption-text gallery-caption' id='gallery-1-17248'>\n\t\t\t\tLUNES , 2 de OCTUBRE: <br>Hab\u00eda llamas enormes. <br>Y aunque hab\u00eda empacado algunas maletas a primera hora del d\u00eda ~ por si acaso ten\u00edamos que evacuar r\u00e1pidamente, los tres sent\u00edamos fuertemente que necesit\u00e1bamos quedarnos aqu\u00ed, sosteniendo la sabidur\u00eda que TODO EST\u00c1 BIEN. Y que el Coraz\u00f3n de AN estar\u00eda a salvo. PA&#8217; A!\n\t\t\t\t<\/dd><\/dl><br style=\"clear: both\" \/><dl class='gallery-item'>\n\t\t\t<dt class='gallery-icon landscape'>\n\t\t\t\t<img width=\"640\" height=\"424\" src=\"https:\/\/anvisible.com\/wp-content\/blogs.dir\/1\/files\/2017\/10\/2017-10-09-21-679x450.jpg\" class=\"attachment-large size-large\" alt=\"\" decoding=\"async\" loading=\"lazy\" aria-describedby=\"gallery-1-17253\" srcset=\"https:\/\/anvisible.com\/wp-content\/blogs.dir\/1\/files\/2017\/10\/2017-10-09-21-679x450.jpg 679w, https:\/\/anvisible.com\/wp-content\/blogs.dir\/1\/files\/2017\/10\/2017-10-09-21-210x139.jpg 210w, https:\/\/anvisible.com\/wp-content\/blogs.dir\/1\/files\/2017\/10\/2017-10-09-21-450x298.jpg 450w, https:\/\/anvisible.com\/wp-content\/blogs.dir\/1\/files\/2017\/10\/2017-10-09-21-768x509.jpg 768w, https:\/\/anvisible.com\/wp-content\/blogs.dir\/1\/files\/2017\/10\/2017-10-09-21-400x265.jpg 400w, https:\/\/anvisible.com\/wp-content\/blogs.dir\/1\/files\/2017\/10\/2017-10-09-21-300x199.jpg 300w, https:\/\/anvisible.com\/wp-content\/blogs.dir\/1\/files\/2017\/10\/2017-10-09-21.jpg 960w\" sizes=\"(max-width: 640px) 100vw, 640px\" \/>\n\t\t\t<\/dt>\n\t\t\t\t<dd class='wp-caption-text gallery-caption' id='gallery-1-17253'>\n\t\t\t\tLUNES , 2 de OCTUBRE: <br>Vista del fuego desde la pared contigua a nuestra casa.\n\t\t\t\t<\/dd><\/dl><br style=\"clear: both\" \/><dl class='gallery-item'>\n\t\t\t<dt class='gallery-icon landscape'>\n\t\t\t\t<img width=\"600\" height=\"450\" src=\"https:\/\/anvisible.com\/wp-content\/blogs.dir\/1\/files\/2017\/10\/2017-10-09-22-600x450.jpg\" class=\"attachment-large size-large\" alt=\"\" decoding=\"async\" loading=\"lazy\" aria-describedby=\"gallery-1-17258\" srcset=\"https:\/\/anvisible.com\/wp-content\/blogs.dir\/1\/files\/2017\/10\/2017-10-09-22-600x450.jpg 600w, https:\/\/anvisible.com\/wp-content\/blogs.dir\/1\/files\/2017\/10\/2017-10-09-22-200x150.jpg 200w, https:\/\/anvisible.com\/wp-content\/blogs.dir\/1\/files\/2017\/10\/2017-10-09-22-400x300.jpg 400w, https:\/\/anvisible.com\/wp-content\/blogs.dir\/1\/files\/2017\/10\/2017-10-09-22-768x576.jpg 768w, https:\/\/anvisible.com\/wp-content\/blogs.dir\/1\/files\/2017\/10\/2017-10-09-22-300x225.jpg 300w, https:\/\/anvisible.com\/wp-content\/blogs.dir\/1\/files\/2017\/10\/2017-10-09-22.jpg 960w\" sizes=\"(max-width: 600px) 100vw, 600px\" \/>\n\t\t\t<\/dt>\n\t\t\t\t<dd class='wp-caption-text gallery-caption' id='gallery-1-17258'>\n\t\t\t\tLUNES , 2 de OCTUBRE: <br>A altas horas de la noche, Emanaku, David y yo subimos al cuarto de AN y nos sentamos como Observadores Silenciosos del Coraz\u00f3n de AN, seguido por el PA&#8217; A. Esto estuvo extremadamente poderoso. A trav\u00e9s de las ventanas pod\u00edamos ver el fuego descendiendo la monta\u00f1a junto a nosotros.\n\t\t\t\t<\/dd><\/dl><br style=\"clear: both\" \/><dl class='gallery-item'>\n\t\t\t<dt class='gallery-icon landscape'>\n\t\t\t\t<img width=\"599\" height=\"450\" src=\"https:\/\/anvisible.com\/wp-content\/blogs.dir\/1\/files\/2017\/10\/2017-10-09-23-599x450.jpg\" class=\"attachment-large size-large\" alt=\"\" decoding=\"async\" loading=\"lazy\" aria-describedby=\"gallery-1-17263\" srcset=\"https:\/\/anvisible.com\/wp-content\/blogs.dir\/1\/files\/2017\/10\/2017-10-09-23-599x450.jpg 599w, https:\/\/anvisible.com\/wp-content\/blogs.dir\/1\/files\/2017\/10\/2017-10-09-23-200x150.jpg 200w, https:\/\/anvisible.com\/wp-content\/blogs.dir\/1\/files\/2017\/10\/2017-10-09-23-399x300.jpg 399w, https:\/\/anvisible.com\/wp-content\/blogs.dir\/1\/files\/2017\/10\/2017-10-09-23-768x577.jpg 768w, https:\/\/anvisible.com\/wp-content\/blogs.dir\/1\/files\/2017\/10\/2017-10-09-23-400x300.jpg 400w, https:\/\/anvisible.com\/wp-content\/blogs.dir\/1\/files\/2017\/10\/2017-10-09-23-300x225.jpg 300w, https:\/\/anvisible.com\/wp-content\/blogs.dir\/1\/files\/2017\/10\/2017-10-09-23.jpg 960w\" sizes=\"(max-width: 599px) 100vw, 599px\" \/>\n\t\t\t<\/dt>\n\t\t\t\t<dd class='wp-caption-text gallery-caption' id='gallery-1-17263'>\n\t\t\t\tLUNES , 2 de OCTUBRE: <br>La Torre de AN a las 9:00 de la noche. Era una visi\u00f3n tan surrealista, pero tambi\u00e9n extremadamente electrizante. <br>Esta es la visi\u00f3n que ahora est\u00e1 sellada para siempre en mi ser. <br>Foto por David de Warenne\n\t\t\t\t<\/dd><\/dl><br style=\"clear: both\" \/><dl class='gallery-item'>\n\t\t\t<dt class='gallery-icon landscape'>\n\t\t\t\t<img width=\"600\" height=\"450\" src=\"https:\/\/anvisible.com\/wp-content\/blogs.dir\/1\/files\/2017\/10\/2017-10-09-24-600x450.jpg\" class=\"attachment-large size-large\" alt=\"\" decoding=\"async\" loading=\"lazy\" aria-describedby=\"gallery-1-17268\" srcset=\"https:\/\/anvisible.com\/wp-content\/blogs.dir\/1\/files\/2017\/10\/2017-10-09-24-600x450.jpg 600w, https:\/\/anvisible.com\/wp-content\/blogs.dir\/1\/files\/2017\/10\/2017-10-09-24-200x150.jpg 200w, https:\/\/anvisible.com\/wp-content\/blogs.dir\/1\/files\/2017\/10\/2017-10-09-24-400x300.jpg 400w, https:\/\/anvisible.com\/wp-content\/blogs.dir\/1\/files\/2017\/10\/2017-10-09-24-768x576.jpg 768w, https:\/\/anvisible.com\/wp-content\/blogs.dir\/1\/files\/2017\/10\/2017-10-09-24-300x225.jpg 300w, https:\/\/anvisible.com\/wp-content\/blogs.dir\/1\/files\/2017\/10\/2017-10-09-24.jpg 960w\" sizes=\"(max-width: 600px) 100vw, 600px\" \/>\n\t\t\t<\/dt>\n\t\t\t\t<dd class='wp-caption-text gallery-caption' id='gallery-1-17268'>\n\t\t\t\tLUNES , 2 de OCTUBRE: <br>De repente apareci\u00f3 un F\u00e9nix en los Fuegos de la Transformaci\u00f3n! Aqu\u00ed es cuando supimos que TODO ESTAR\u00cdA BIEN\n\t\t\t\t<\/dd><\/dl><br style=\"clear: both\" \/><dl class='gallery-item'>\n\t\t\t<dt class='gallery-icon landscape'>\n\t\t\t\t<img width=\"640\" height=\"424\" src=\"https:\/\/anvisible.com\/wp-content\/blogs.dir\/1\/files\/2017\/10\/2017-10-09-25-679x450.jpg\" class=\"attachment-large size-large\" alt=\"\" decoding=\"async\" loading=\"lazy\" aria-describedby=\"gallery-1-17273\" srcset=\"https:\/\/anvisible.com\/wp-content\/blogs.dir\/1\/files\/2017\/10\/2017-10-09-25-679x450.jpg 679w, https:\/\/anvisible.com\/wp-content\/blogs.dir\/1\/files\/2017\/10\/2017-10-09-25-210x139.jpg 210w, https:\/\/anvisible.com\/wp-content\/blogs.dir\/1\/files\/2017\/10\/2017-10-09-25-450x298.jpg 450w, https:\/\/anvisible.com\/wp-content\/blogs.dir\/1\/files\/2017\/10\/2017-10-09-25-768x509.jpg 768w, https:\/\/anvisible.com\/wp-content\/blogs.dir\/1\/files\/2017\/10\/2017-10-09-25-400x265.jpg 400w, https:\/\/anvisible.com\/wp-content\/blogs.dir\/1\/files\/2017\/10\/2017-10-09-25-300x199.jpg 300w, https:\/\/anvisible.com\/wp-content\/blogs.dir\/1\/files\/2017\/10\/2017-10-09-25.jpg 960w\" sizes=\"(max-width: 640px) 100vw, 640px\" \/>\n\t\t\t<\/dt>\n\t\t\t\t<dd class='wp-caption-text gallery-caption' id='gallery-1-17273'>\n\t\t\t\tMARTES , 3 de OCTUBRE: <br>Temprano en la ma\u00f1ana del 3 de octubre: El valle estaba lleno de humo espeso, lo que hac\u00eda dif\u00edcil respirar. Durante la pasada noche, el fuego hab\u00eda ardido todo el camino abajo para valle que nos rodeaba. Hab\u00eda llegado a cincuenta metros de nuestra casa y entonces milagrosamente hab\u00eda salido!\n\t\t\t\t<\/dd><\/dl><br style=\"clear: both\" \/><dl class='gallery-item'>\n\t\t\t<dt class='gallery-icon landscape'>\n\t\t\t\t<img width=\"640\" height=\"231\" src=\"https:\/\/anvisible.com\/wp-content\/blogs.dir\/1\/files\/2017\/10\/2017-10-09-26-768x277.jpg\" class=\"attachment-large size-large\" alt=\"\" decoding=\"async\" loading=\"lazy\" aria-describedby=\"gallery-1-17278\" srcset=\"https:\/\/anvisible.com\/wp-content\/blogs.dir\/1\/files\/2017\/10\/2017-10-09-26-768x277.jpg 768w, https:\/\/anvisible.com\/wp-content\/blogs.dir\/1\/files\/2017\/10\/2017-10-09-26-210x76.jpg 210w, https:\/\/anvisible.com\/wp-content\/blogs.dir\/1\/files\/2017\/10\/2017-10-09-26-450x162.jpg 450w, https:\/\/anvisible.com\/wp-content\/blogs.dir\/1\/files\/2017\/10\/2017-10-09-26-400x144.jpg 400w, https:\/\/anvisible.com\/wp-content\/blogs.dir\/1\/files\/2017\/10\/2017-10-09-26-300x108.jpg 300w, https:\/\/anvisible.com\/wp-content\/blogs.dir\/1\/files\/2017\/10\/2017-10-09-26.jpg 960w\" sizes=\"(max-width: 640px) 100vw, 640px\" \/>\n\t\t\t<\/dt>\n\t\t\t\t<dd class='wp-caption-text gallery-caption' id='gallery-1-17278'>\n\t\t\t\tMARTES , 3 de OCTUBRE: <br>Aqu\u00ed est\u00e1 nuestra monta\u00f1a ennegrecida. El fuego b\u00e1sicamente quem\u00f3 todo. Dado que esta foto fue tomada con una lente panor\u00e1mica, la monta\u00f1a se ve mucho m\u00e1s lejos de lo que realmente es.\n\t\t\t\t<\/dd><\/dl><br style=\"clear: both\" \/><dl class='gallery-item'>\n\t\t\t<dt class='gallery-icon landscape'>\n\t\t\t\t<img width=\"600\" height=\"450\" src=\"https:\/\/anvisible.com\/wp-content\/blogs.dir\/1\/files\/2017\/10\/2017-10-09-27-600x450.jpg\" class=\"attachment-large size-large\" alt=\"\" decoding=\"async\" loading=\"lazy\" aria-describedby=\"gallery-1-17283\" srcset=\"https:\/\/anvisible.com\/wp-content\/blogs.dir\/1\/files\/2017\/10\/2017-10-09-27-600x450.jpg 600w, https:\/\/anvisible.com\/wp-content\/blogs.dir\/1\/files\/2017\/10\/2017-10-09-27-200x150.jpg 200w, https:\/\/anvisible.com\/wp-content\/blogs.dir\/1\/files\/2017\/10\/2017-10-09-27-400x300.jpg 400w, https:\/\/anvisible.com\/wp-content\/blogs.dir\/1\/files\/2017\/10\/2017-10-09-27-768x576.jpg 768w, https:\/\/anvisible.com\/wp-content\/blogs.dir\/1\/files\/2017\/10\/2017-10-09-27-300x225.jpg 300w, https:\/\/anvisible.com\/wp-content\/blogs.dir\/1\/files\/2017\/10\/2017-10-09-27.jpg 960w\" sizes=\"(max-width: 600px) 100vw, 600px\" \/>\n\t\t\t<\/dt>\n\t\t\t\t<dd class='wp-caption-text gallery-caption' id='gallery-1-17283'>\n\t\t\t\tMARTES , 3 de OCTUBRE: <br>Los fuegos llegaron justo abajo hasta los \u00e1rboles del valle, pero se detuvieron antes de quemarlos. <br>\u00a1Aqu\u00ed est\u00e1 lo cerca que estamos de la monta\u00f1a!\n\t\t\t\t<\/dd><\/dl><br style=\"clear: both\" \/><dl class='gallery-item'>\n\t\t\t<dt class='gallery-icon landscape'>\n\t\t\t\t<img width=\"640\" height=\"424\" src=\"https:\/\/anvisible.com\/wp-content\/blogs.dir\/1\/files\/2017\/10\/2017-10-09-28-679x450.jpg\" class=\"attachment-large size-large\" alt=\"\" decoding=\"async\" loading=\"lazy\" aria-describedby=\"gallery-1-17288\" srcset=\"https:\/\/anvisible.com\/wp-content\/blogs.dir\/1\/files\/2017\/10\/2017-10-09-28-679x450.jpg 679w, https:\/\/anvisible.com\/wp-content\/blogs.dir\/1\/files\/2017\/10\/2017-10-09-28-210x139.jpg 210w, https:\/\/anvisible.com\/wp-content\/blogs.dir\/1\/files\/2017\/10\/2017-10-09-28-450x298.jpg 450w, https:\/\/anvisible.com\/wp-content\/blogs.dir\/1\/files\/2017\/10\/2017-10-09-28-768x509.jpg 768w, https:\/\/anvisible.com\/wp-content\/blogs.dir\/1\/files\/2017\/10\/2017-10-09-28-400x265.jpg 400w, https:\/\/anvisible.com\/wp-content\/blogs.dir\/1\/files\/2017\/10\/2017-10-09-28-300x199.jpg 300w, https:\/\/anvisible.com\/wp-content\/blogs.dir\/1\/files\/2017\/10\/2017-10-09-28.jpg 960w\" sizes=\"(max-width: 640px) 100vw, 640px\" \/>\n\t\t\t<\/dt>\n\t\t\t\t<dd class='wp-caption-text gallery-caption' id='gallery-1-17288'>\n\t\t\t\tMARTES , 3 de OCTUBRE: <br>Con la llegada de los vientos de la tarde, el fuego volvi\u00f3 a encenderse. El cuerpo de bomberos voluntarios en el pueblo de Calca finalmente nos envi\u00f3 ocho bomberos! Algunos de nuestros vecinos se unieron a ellos. <br>Vista desde la oficina de Emanaku.\n\t\t\t\t<\/dd><\/dl><br style=\"clear: both\" \/><dl class='gallery-item'>\n\t\t\t<dt class='gallery-icon landscape'>\n\t\t\t\t<img width=\"600\" height=\"450\" src=\"https:\/\/anvisible.com\/wp-content\/blogs.dir\/1\/files\/2017\/10\/2017-10-09-29-600x450.jpg\" class=\"attachment-large size-large\" alt=\"\" decoding=\"async\" loading=\"lazy\" aria-describedby=\"gallery-1-17293\" srcset=\"https:\/\/anvisible.com\/wp-content\/blogs.dir\/1\/files\/2017\/10\/2017-10-09-29-600x450.jpg 600w, https:\/\/anvisible.com\/wp-content\/blogs.dir\/1\/files\/2017\/10\/2017-10-09-29-200x150.jpg 200w, https:\/\/anvisible.com\/wp-content\/blogs.dir\/1\/files\/2017\/10\/2017-10-09-29-400x300.jpg 400w, https:\/\/anvisible.com\/wp-content\/blogs.dir\/1\/files\/2017\/10\/2017-10-09-29-768x576.jpg 768w, https:\/\/anvisible.com\/wp-content\/blogs.dir\/1\/files\/2017\/10\/2017-10-09-29-300x225.jpg 300w, https:\/\/anvisible.com\/wp-content\/blogs.dir\/1\/files\/2017\/10\/2017-10-09-29.jpg 960w\" sizes=\"(max-width: 600px) 100vw, 600px\" \/>\n\t\t\t<\/dt>\n\t\t\t\t<dd class='wp-caption-text gallery-caption' id='gallery-1-17293'>\n\t\t\t\tMARTES , 3 de OCTUBRE: <br>Despu\u00e9s de una poderosa lectura con las Cartas de AN, lleg\u00f3 la hora de que David se fuera. Estamos tan agradecidos de que estuviera con nosotros en nuestra noche m\u00e1s desafiante. Y a pesar de todo, fue muy divertido conocer a un ser tan afin .\n\t\t\t\t<\/dd><\/dl><br style=\"clear: both\" \/><dl class='gallery-item'>\n\t\t\t<dt class='gallery-icon landscape'>\n\t\t\t\t<img width=\"537\" height=\"260\" src=\"https:\/\/anvisible.com\/wp-content\/blogs.dir\/1\/files\/2017\/10\/2017-10-09-30.jpg\" class=\"attachment-large size-large\" alt=\"\" decoding=\"async\" loading=\"lazy\" aria-describedby=\"gallery-1-17298\" srcset=\"https:\/\/anvisible.com\/wp-content\/blogs.dir\/1\/files\/2017\/10\/2017-10-09-30.jpg 537w, https:\/\/anvisible.com\/wp-content\/blogs.dir\/1\/files\/2017\/10\/2017-10-09-30-210x102.jpg 210w, https:\/\/anvisible.com\/wp-content\/blogs.dir\/1\/files\/2017\/10\/2017-10-09-30-450x218.jpg 450w, https:\/\/anvisible.com\/wp-content\/blogs.dir\/1\/files\/2017\/10\/2017-10-09-30-400x194.jpg 400w, https:\/\/anvisible.com\/wp-content\/blogs.dir\/1\/files\/2017\/10\/2017-10-09-30-300x145.jpg 300w\" sizes=\"(max-width: 537px) 100vw, 537px\" \/>\n\t\t\t<\/dt>\n\t\t\t\t<dd class='wp-caption-text gallery-caption' id='gallery-1-17298'>\n\t\t\t\tMIERCOLES , 4 de OCTUBRE: <br>Aqu\u00ed est\u00e1 el mapa de nuestro fuego. Nuestro valle est\u00e1 situado en el borde derecho del enorme fuego amarillo.\n\t\t\t\t<\/dd><\/dl><br style=\"clear: both\" \/><dl class='gallery-item'>\n\t\t\t<dt class='gallery-icon landscape'>\n\t\t\t\t<img width=\"640\" height=\"424\" src=\"https:\/\/anvisible.com\/wp-content\/blogs.dir\/1\/files\/2017\/10\/2017-10-09-31-679x450.jpg\" class=\"attachment-large size-large\" alt=\"\" decoding=\"async\" loading=\"lazy\" aria-describedby=\"gallery-1-17303\" srcset=\"https:\/\/anvisible.com\/wp-content\/blogs.dir\/1\/files\/2017\/10\/2017-10-09-31-679x450.jpg 679w, https:\/\/anvisible.com\/wp-content\/blogs.dir\/1\/files\/2017\/10\/2017-10-09-31-210x139.jpg 210w, https:\/\/anvisible.com\/wp-content\/blogs.dir\/1\/files\/2017\/10\/2017-10-09-31-450x298.jpg 450w, https:\/\/anvisible.com\/wp-content\/blogs.dir\/1\/files\/2017\/10\/2017-10-09-31-768x509.jpg 768w, https:\/\/anvisible.com\/wp-content\/blogs.dir\/1\/files\/2017\/10\/2017-10-09-31-400x265.jpg 400w, https:\/\/anvisible.com\/wp-content\/blogs.dir\/1\/files\/2017\/10\/2017-10-09-31-300x199.jpg 300w, https:\/\/anvisible.com\/wp-content\/blogs.dir\/1\/files\/2017\/10\/2017-10-09-31.jpg 960w\" sizes=\"(max-width: 640px) 100vw, 640px\" \/>\n\t\t\t<\/dt>\n\t\t\t\t<dd class='wp-caption-text gallery-caption' id='gallery-1-17303'>\n\t\t\t\tVIERNES , 6 de OCTUBRE: <br>\u00a1Aqu\u00ed est\u00e1 la Luna del Viernes por la noche! \n\t\t\t\t<\/dd><\/dl><br style=\"clear: both\" \/>\n\t\t<\/div>","protected":false},"excerpt":{"rendered":"<p>La semana pasada fue bastante intensa aqu\u00ed. El s\u00e1bado estall\u00f3 otro incendio en dos aldeas alejadas de nosotros. Estos incendios ocurren cuando los lugare\u00f1os queman sus campos y basura y los dejan desatendidos durante los fuertes vientos de la tarde de esta \u00e9poca del a\u00f1o. Como estamos al final de nuestra estaci\u00f3n seca de seis <a class=\"read-more\" href=\"https:\/\/anvisible.com\/es\/quemados-en-los-fuegos-de-transformacion-en-el-corazon-de-an\/\">[ Read More&#8230;. ]<\/a><\/p>\n","protected":false},"author":4,"featured_media":17152,"comment_status":"open","ping_status":"closed","sticky":false,"template":"","format":"standard","meta":[],"categories":[18],"tags":[],"_links":{"self":[{"href":"https:\/\/anvisible.com\/es\/wp-json\/wp\/v2\/posts\/17315"}],"collection":[{"href":"https:\/\/anvisible.com\/es\/wp-json\/wp\/v2\/posts"}],"about":[{"href":"https:\/\/anvisible.com\/es\/wp-json\/wp\/v2\/types\/post"}],"author":[{"embeddable":true,"href":"https:\/\/anvisible.com\/es\/wp-json\/wp\/v2\/users\/4"}],"replies":[{"embeddable":true,"href":"https:\/\/anvisible.com\/es\/wp-json\/wp\/v2\/comments?post=17315"}],"version-history":[{"count":2,"href":"https:\/\/anvisible.com\/es\/wp-json\/wp\/v2\/posts\/17315\/revisions"}],"predecessor-version":[{"id":17317,"href":"https:\/\/anvisible.com\/es\/wp-json\/wp\/v2\/posts\/17315\/revisions\/17317"}],"wp:featuredmedia":[{"embeddable":true,"href":"https:\/\/anvisible.com\/es\/wp-json\/wp\/v2\/media\/17152"}],"wp:attachment":[{"href":"https:\/\/anvisible.com\/es\/wp-json\/wp\/v2\/media?parent=17315"}],"wp:term":[{"taxonomy":"category","embeddable":true,"href":"https:\/\/anvisible.com\/es\/wp-json\/wp\/v2\/categories?post=17315"},{"taxonomy":"post_tag","embeddable":true,"href":"https:\/\/anvisible.com\/es\/wp-json\/wp\/v2\/tags?post=17315"}],"curies":[{"name":"wp","href":"https:\/\/api.w.org\/{rel}","templated":true}]}}