{"id":6744,"date":"2016-02-24T17:09:56","date_gmt":"2016-02-24T22:09:56","guid":{"rendered":"http:\/\/anvisible.com\/es\/adjusting-to-the-new-reality-at-the-heart-of-an\/"},"modified":"2016-02-24T20:33:42","modified_gmt":"2016-02-25T01:33:42","slug":"ajustando-a-la-nueva-realidad-el-corazon-de-an","status":"publish","type":"post","link":"https:\/\/anvisible.com\/es\/ajustando-a-la-nueva-realidad-el-corazon-de-an\/","title":{"rendered":"Ajustando a la Nueva Realidad el Coraz\u00f3n de AN"},"content":{"rendered":"<p>Las energ\u00edas eran tan fuertes esta semana pasada que nos sentimos muy expandidos y a menudo aplanados . Se sent\u00eda como si las luces verdes de nuestro movimiento de avance r\u00e1pido se hab\u00edan atenuado, pero esto no era lo que realmente estaba sucediendo. Se trata simplemente de que nuestro enfoque se hab\u00eda movido desde HACERLO dentro de un estado de ser estirado hacia la Nueva Realidad , tanto que pudi\u00e9ramos adaptarnos a esto en un nivel m\u00e1s profundo .<\/p>\n<p>Este per\u00edodo de ajuste fue ayudado por muchos d\u00edas de lluvia que nos manten\u00edan en un estado de calma profunda. Pero justo cuando est\u00e1bamos empezando a tiempo para el Sol, aparecer\u00eda un c\u00e1lido y soleado d\u00eda<\/p>\n<p>Como un reflejo perfecto de lo que est\u00e1 teniendo lugar dentro de nosotros, todo en la tierra esta deviniendo cada vez m\u00e1s exuberante y verde. Tanto es as\u00ed, que las partes de la tierra est\u00e1n actualmente convirtiendose en maleza .<\/p>\n<p>Jes\u00fas, nuestro nuevo jardinero a tiempo parcial tuvo que ir a Lima esta semana, pero volver\u00e1 la pr\u00f3xima semana. En el mientras tanto, Eloy se mantiene ocupado tratando de mantener los jardines en orden.<\/p>\n<p>En medio de toda esta expandida y profundizada energ\u00eda , Emanaku tuvo que hacer varios viajes a Cusco. Bastante sorprendente , fue capaz de navegar por el tr\u00e1fico ca\u00f3tico all\u00ed mientras hace numerosas diligencias en un estado de expansi\u00f3n profundizada .<\/p>\n<p>La semana pasada, tambi\u00e9n tuvimos dos d\u00edas de paros en los cuales todo &#8211; carreteras y negocios &#8211; en nuestra mitad del Valle Sagrado fueron cerrados como protesta. Esto, combinado con la lluvia, nos ha ayudado a empujar m\u00e1s profundo dentro de la Nueva Realidad.<\/p>\n<p>El AN \u2022 Laberinto est\u00e1 esperando por nosotros para recibir m\u00e1s inspiraci\u00f3n en cuanto a su verdadero dise\u00f1o. Se cuestion\u00f3 si debemos o no hacerlo en varios niveles. Nos encanta la idea, pero para ser pr\u00e1ctico, si nosotros hacemos esto plano , nosotros podriamos tambi\u00e9n llevar a cabo Danzas Sagradas en \u00e9l . As\u00ed que nosotros estamos esperando por mas claridad &#8230;.<\/p>\n<p>Ma\u00f1ana tenemos hu\u00e9spedes que vienen a alojarse en AN \u2022 Wasi por pocos d\u00edas. Ellos tambi\u00e9n quieren lecturas privadas con las Cartas de AN . As\u00ed que los pr\u00f3ximos d\u00edas est\u00e1n llenos de limpieza, preparaciones y luego interacciones. Nos encanta c\u00f3mo las personas adecuadas son estiradas aqu\u00ed. A menudo son personas a quien no conoc\u00edamos antes quienes nos encuentran en forma milagrosa, pero ellos siempre son los perfectos para el Coraz\u00f3n de AN.<\/p>\n<p><a href=\"\/?page_id=6097\" target=\"&quot;_blank\u201d\">Nuestros eventos en 2016: \u00a1Haga clic aqu\u00ed!<\/a><\/p>\n\n\t\t<style type=\"text\/css\">\n\t\t\t#gallery-1 {\n\t\t\t\tmargin: auto;\n\t\t\t}\n\t\t\t#gallery-1 .gallery-item {\n\t\t\t\tfloat: left;\n\t\t\t\tmargin-top: 10px;\n\t\t\t\ttext-align: center;\n\t\t\t\twidth: 100%;\n\t\t\t}\n\t\t\t#gallery-1 img {\n\t\t\t\tborder: 2px solid #cfcfcf;\n\t\t\t}\n\t\t\t#gallery-1 .gallery-caption {\n\t\t\t\tmargin-left: 0;\n\t\t\t}\n\t\t\t\/* see gallery_shortcode() in wp-includes\/media.php *\/\n\t\t<\/style>\n\t\t<div id='gallery-1' class='gallery galleryid-6744 gallery-columns-1 gallery-size-medium'><dl class='gallery-item'>\n\t\t\t<dt class='gallery-icon landscape'>\n\t\t\t\t<a href='https:\/\/anvisible.com\/es\/ajustando-a-la-nueva-realidad-el-corazon-de-an\/2016-02-14-01-2\/'><img width=\"400\" height=\"300\" src=\"https:\/\/anvisible.com\/wp-content\/blogs.dir\/1\/files\/2016\/02\/2016-02-14-01-400x300.jpg\" class=\"attachment-medium size-medium\" alt=\"\" decoding=\"async\" loading=\"lazy\" aria-describedby=\"gallery-1-6692\" srcset=\"https:\/\/anvisible.com\/wp-content\/blogs.dir\/1\/files\/2016\/02\/2016-02-14-01-400x300.jpg 400w, https:\/\/anvisible.com\/wp-content\/blogs.dir\/1\/files\/2016\/02\/2016-02-14-01-200x150.jpg 200w, https:\/\/anvisible.com\/wp-content\/blogs.dir\/1\/files\/2016\/02\/2016-02-14-01-768x576.jpg 768w, https:\/\/anvisible.com\/wp-content\/blogs.dir\/1\/files\/2016\/02\/2016-02-14-01-600x450.jpg 600w, https:\/\/anvisible.com\/wp-content\/blogs.dir\/1\/files\/2016\/02\/2016-02-14-01.jpg 1200w\" sizes=\"(max-width: 400px) 100vw, 400px\" \/><\/a>\n\t\t\t<\/dt>\n\t\t\t\t<dd class='wp-caption-text gallery-caption' id='gallery-1-6692'>\n\t\t\t\tEn los d\u00edas de super lluvia , Apu Sawasiray desaparece por completo en lo Invisible . Esto se siente extra\u00f1o sin la monta\u00f1a .\n\t\t\t\t<\/dd><\/dl><br style=\"clear: both\" \/><dl class='gallery-item'>\n\t\t\t<dt class='gallery-icon landscape'>\n\t\t\t\t<a href='https:\/\/anvisible.com\/es\/ajustando-a-la-nueva-realidad-el-corazon-de-an\/2016-02-14-02-2\/'><img width=\"400\" height=\"300\" src=\"https:\/\/anvisible.com\/wp-content\/blogs.dir\/1\/files\/2016\/02\/2016-02-14-02-400x300.jpg\" class=\"attachment-medium size-medium\" alt=\"\" decoding=\"async\" loading=\"lazy\" aria-describedby=\"gallery-1-6697\" srcset=\"https:\/\/anvisible.com\/wp-content\/blogs.dir\/1\/files\/2016\/02\/2016-02-14-02-400x300.jpg 400w, https:\/\/anvisible.com\/wp-content\/blogs.dir\/1\/files\/2016\/02\/2016-02-14-02-200x150.jpg 200w, https:\/\/anvisible.com\/wp-content\/blogs.dir\/1\/files\/2016\/02\/2016-02-14-02-768x576.jpg 768w, https:\/\/anvisible.com\/wp-content\/blogs.dir\/1\/files\/2016\/02\/2016-02-14-02-600x450.jpg 600w, https:\/\/anvisible.com\/wp-content\/blogs.dir\/1\/files\/2016\/02\/2016-02-14-02.jpg 1200w\" sizes=\"(max-width: 400px) 100vw, 400px\" \/><\/a>\n\t\t\t<\/dt>\n\t\t\t\t<dd class='wp-caption-text gallery-caption' id='gallery-1-6697'>\n\t\t\t\tHace unos d\u00edas, nosotros disfrutamos de una visita sorpresa de la hermosa Madre de Eloy desde la peque\u00f1a localidad de Willoc !\n\t\t\t\t<\/dd><\/dl><br style=\"clear: both\" \/><dl class='gallery-item'>\n\t\t\t<dt class='gallery-icon landscape'>\n\t\t\t\t<a href='https:\/\/anvisible.com\/es\/ajustando-a-la-nueva-realidad-el-corazon-de-an\/2016-02-14-03-2\/'><img width=\"400\" height=\"300\" src=\"https:\/\/anvisible.com\/wp-content\/blogs.dir\/1\/files\/2016\/02\/2016-02-14-03-400x300.jpg\" class=\"attachment-medium size-medium\" alt=\"\" decoding=\"async\" loading=\"lazy\" aria-describedby=\"gallery-1-6702\" srcset=\"https:\/\/anvisible.com\/wp-content\/blogs.dir\/1\/files\/2016\/02\/2016-02-14-03-400x300.jpg 400w, https:\/\/anvisible.com\/wp-content\/blogs.dir\/1\/files\/2016\/02\/2016-02-14-03-200x150.jpg 200w, https:\/\/anvisible.com\/wp-content\/blogs.dir\/1\/files\/2016\/02\/2016-02-14-03-768x576.jpg 768w, https:\/\/anvisible.com\/wp-content\/blogs.dir\/1\/files\/2016\/02\/2016-02-14-03-600x450.jpg 600w, https:\/\/anvisible.com\/wp-content\/blogs.dir\/1\/files\/2016\/02\/2016-02-14-03.jpg 1200w\" sizes=\"(max-width: 400px) 100vw, 400px\" \/><\/a>\n\t\t\t<\/dt>\n\t\t\t\t<dd class='wp-caption-text gallery-caption' id='gallery-1-6702'>\n\t\t\t\tEloy tiene una enamorada! Cada d\u00eda , ella viene al Coraz\u00f3n de AN y establece su telar. Con gran precisi\u00f3n, ella teje vibrantes ponchos en el estilo tradicional de Cancha Cancha, el peque\u00f1o pueblo en las monta\u00f1as que esta a cuatro horas caminando desde aqu\u00ed, de donde su familia es .\n\t\t\t\t<\/dd><\/dl><br style=\"clear: both\" \/><dl class='gallery-item'>\n\t\t\t<dt class='gallery-icon landscape'>\n\t\t\t\t<a href='https:\/\/anvisible.com\/es\/ajustando-a-la-nueva-realidad-el-corazon-de-an\/2016-02-14-04-2\/'><img width=\"400\" height=\"300\" src=\"https:\/\/anvisible.com\/wp-content\/blogs.dir\/1\/files\/2016\/02\/2016-02-14-04-400x300.jpg\" class=\"attachment-medium size-medium\" alt=\"\" decoding=\"async\" loading=\"lazy\" aria-describedby=\"gallery-1-6707\" srcset=\"https:\/\/anvisible.com\/wp-content\/blogs.dir\/1\/files\/2016\/02\/2016-02-14-04-400x300.jpg 400w, https:\/\/anvisible.com\/wp-content\/blogs.dir\/1\/files\/2016\/02\/2016-02-14-04-200x150.jpg 200w, https:\/\/anvisible.com\/wp-content\/blogs.dir\/1\/files\/2016\/02\/2016-02-14-04-768x576.jpg 768w, https:\/\/anvisible.com\/wp-content\/blogs.dir\/1\/files\/2016\/02\/2016-02-14-04-600x450.jpg 600w, https:\/\/anvisible.com\/wp-content\/blogs.dir\/1\/files\/2016\/02\/2016-02-14-04.jpg 1200w\" sizes=\"(max-width: 400px) 100vw, 400px\" \/><\/a>\n\t\t\t<\/dt>\n\t\t\t\t<dd class='wp-caption-text gallery-caption' id='gallery-1-6707'>\n\t\t\t\tAqu\u00ed est\u00e1 el \u00e1rea de el laberinto esperando por nosotros para comenzar la construcci\u00f3n de \u00e9ste\n\t\t\t\t<\/dd><\/dl><br style=\"clear: both\" \/><dl class='gallery-item'>\n\t\t\t<dt class='gallery-icon landscape'>\n\t\t\t\t<a href='https:\/\/anvisible.com\/es\/ajustando-a-la-nueva-realidad-el-corazon-de-an\/2016-02-14-05-2\/'><img width=\"400\" height=\"300\" src=\"https:\/\/anvisible.com\/wp-content\/blogs.dir\/1\/files\/2016\/02\/2016-02-14-05-400x300.jpg\" class=\"attachment-medium size-medium\" alt=\"\" decoding=\"async\" loading=\"lazy\" aria-describedby=\"gallery-1-6713\" srcset=\"https:\/\/anvisible.com\/wp-content\/blogs.dir\/1\/files\/2016\/02\/2016-02-14-05-400x300.jpg 400w, https:\/\/anvisible.com\/wp-content\/blogs.dir\/1\/files\/2016\/02\/2016-02-14-05-200x150.jpg 200w, https:\/\/anvisible.com\/wp-content\/blogs.dir\/1\/files\/2016\/02\/2016-02-14-05-768x576.jpg 768w, https:\/\/anvisible.com\/wp-content\/blogs.dir\/1\/files\/2016\/02\/2016-02-14-05-600x450.jpg 600w, https:\/\/anvisible.com\/wp-content\/blogs.dir\/1\/files\/2016\/02\/2016-02-14-05.jpg 1200w\" sizes=\"(max-width: 400px) 100vw, 400px\" \/><\/a>\n\t\t\t<\/dt>\n\t\t\t\t<dd class='wp-caption-text gallery-caption' id='gallery-1-6713'>\n\t\t\t\tMientras que aplanabamos la tierra para el AN \u2022 Laberinto , nosotros descubrimos una enorme roca que necesita para ser retirada . Est\u00e1 justo detr\u00e1s de Manzana. Esto es demasiado pesado para dos personas para retirar , por lo que estamos esperando que Jes\u00fas llegue la pr\u00f3xima semana. Entonces, si tres hombres no pueden conseguir sacarlo fuera de este agujero, La Perla nos ayudara .\n\t\t\t\t<\/dd><\/dl><br style=\"clear: both\" \/><dl class='gallery-item'>\n\t\t\t<dt class='gallery-icon landscape'>\n\t\t\t\t<a href='https:\/\/anvisible.com\/es\/ajustando-a-la-nueva-realidad-el-corazon-de-an\/2016-02-14-06-2\/'><img width=\"367\" height=\"300\" src=\"https:\/\/anvisible.com\/wp-content\/blogs.dir\/1\/files\/2016\/02\/2016-02-14-06-367x300.jpg\" class=\"attachment-medium size-medium\" alt=\"\" decoding=\"async\" loading=\"lazy\" aria-describedby=\"gallery-1-6718\" srcset=\"https:\/\/anvisible.com\/wp-content\/blogs.dir\/1\/files\/2016\/02\/2016-02-14-06-367x300.jpg 367w, https:\/\/anvisible.com\/wp-content\/blogs.dir\/1\/files\/2016\/02\/2016-02-14-06-183x150.jpg 183w, https:\/\/anvisible.com\/wp-content\/blogs.dir\/1\/files\/2016\/02\/2016-02-14-06-768x628.jpg 768w, https:\/\/anvisible.com\/wp-content\/blogs.dir\/1\/files\/2016\/02\/2016-02-14-06-550x450.jpg 550w, https:\/\/anvisible.com\/wp-content\/blogs.dir\/1\/files\/2016\/02\/2016-02-14-06-400x327.jpg 400w, https:\/\/anvisible.com\/wp-content\/blogs.dir\/1\/files\/2016\/02\/2016-02-14-06.jpg 1060w\" sizes=\"(max-width: 367px) 100vw, 367px\" \/><\/a>\n\t\t\t<\/dt>\n\t\t\t\t<dd class='wp-caption-text gallery-caption' id='gallery-1-6718'>\n\t\t\t\tNuestro plomero Olger hizo una visita r\u00e1pida para solucionar un problema con nuestra bomba de agua. Como tu puedes ver, el consigui\u00f3 que funcione de Nuevo!\n\t\t\t\t<\/dd><\/dl><br style=\"clear: both\" \/><dl class='gallery-item'>\n\t\t\t<dt class='gallery-icon landscape'>\n\t\t\t\t<a href='https:\/\/anvisible.com\/es\/ajustando-a-la-nueva-realidad-el-corazon-de-an\/2016-02-14-07-2\/'><img width=\"400\" height=\"300\" src=\"https:\/\/anvisible.com\/wp-content\/blogs.dir\/1\/files\/2016\/02\/2016-02-14-07-400x300.jpg\" class=\"attachment-medium size-medium\" alt=\"\" decoding=\"async\" loading=\"lazy\" aria-describedby=\"gallery-1-6723\" srcset=\"https:\/\/anvisible.com\/wp-content\/blogs.dir\/1\/files\/2016\/02\/2016-02-14-07-400x300.jpg 400w, https:\/\/anvisible.com\/wp-content\/blogs.dir\/1\/files\/2016\/02\/2016-02-14-07-200x150.jpg 200w, https:\/\/anvisible.com\/wp-content\/blogs.dir\/1\/files\/2016\/02\/2016-02-14-07-768x576.jpg 768w, https:\/\/anvisible.com\/wp-content\/blogs.dir\/1\/files\/2016\/02\/2016-02-14-07-600x450.jpg 600w, https:\/\/anvisible.com\/wp-content\/blogs.dir\/1\/files\/2016\/02\/2016-02-14-07.jpg 1200w\" sizes=\"(max-width: 400px) 100vw, 400px\" \/><\/a>\n\t\t\t<\/dt>\n\t\t\t\t<dd class='wp-caption-text gallery-caption' id='gallery-1-6723'>\n\t\t\t\tEste es el momento de la inspecci\u00f3n anual de autom\u00f3viles asi que La Perla fue al t\u00fanel de lavado de coches en Cusco para obtener todo su aseo para su cita .\n\t\t\t\t<\/dd><\/dl><br style=\"clear: both\" \/><dl class='gallery-item'>\n\t\t\t<dt class='gallery-icon landscape'>\n\t\t\t\t<a href='https:\/\/anvisible.com\/es\/ajustando-a-la-nueva-realidad-el-corazon-de-an\/2016-02-14-08-2\/'><img width=\"400\" height=\"300\" src=\"https:\/\/anvisible.com\/wp-content\/blogs.dir\/1\/files\/2016\/02\/2016-02-14-08-400x300.jpg\" class=\"attachment-medium size-medium\" alt=\"\" decoding=\"async\" loading=\"lazy\" aria-describedby=\"gallery-1-6728\" srcset=\"https:\/\/anvisible.com\/wp-content\/blogs.dir\/1\/files\/2016\/02\/2016-02-14-08-400x300.jpg 400w, https:\/\/anvisible.com\/wp-content\/blogs.dir\/1\/files\/2016\/02\/2016-02-14-08-200x150.jpg 200w, https:\/\/anvisible.com\/wp-content\/blogs.dir\/1\/files\/2016\/02\/2016-02-14-08-768x576.jpg 768w, https:\/\/anvisible.com\/wp-content\/blogs.dir\/1\/files\/2016\/02\/2016-02-14-08-600x450.jpg 600w, https:\/\/anvisible.com\/wp-content\/blogs.dir\/1\/files\/2016\/02\/2016-02-14-08.jpg 1200w\" sizes=\"(max-width: 400px) 100vw, 400px\" \/><\/a>\n\t\t\t<\/dt>\n\t\t\t\t<dd class='wp-caption-text gallery-caption' id='gallery-1-6728'>\n\t\t\t\tEmanaku tambi\u00e9n visit\u00f3 el edificio alto y negro de nuestra nueva empresa de Internet de fibra \u00f3ptica en el Cusco. Los techos estaban llenos de parab\u00f3licas y antenas!\n\t\t\t\t<\/dd><\/dl><br style=\"clear: both\" \/><dl class='gallery-item'>\n\t\t\t<dt class='gallery-icon landscape'>\n\t\t\t\t<a href='https:\/\/anvisible.com\/es\/ajustando-a-la-nueva-realidad-el-corazon-de-an\/2016-02-14-09-2\/'><img width=\"400\" height=\"300\" src=\"https:\/\/anvisible.com\/wp-content\/blogs.dir\/1\/files\/2016\/02\/2016-02-14-09-400x300.jpg\" class=\"attachment-medium size-medium\" alt=\"\" decoding=\"async\" loading=\"lazy\" aria-describedby=\"gallery-1-6733\" srcset=\"https:\/\/anvisible.com\/wp-content\/blogs.dir\/1\/files\/2016\/02\/2016-02-14-09-400x300.jpg 400w, https:\/\/anvisible.com\/wp-content\/blogs.dir\/1\/files\/2016\/02\/2016-02-14-09-200x150.jpg 200w, https:\/\/anvisible.com\/wp-content\/blogs.dir\/1\/files\/2016\/02\/2016-02-14-09-768x576.jpg 768w, https:\/\/anvisible.com\/wp-content\/blogs.dir\/1\/files\/2016\/02\/2016-02-14-09-600x450.jpg 600w, https:\/\/anvisible.com\/wp-content\/blogs.dir\/1\/files\/2016\/02\/2016-02-14-09.jpg 1200w\" sizes=\"(max-width: 400px) 100vw, 400px\" \/><\/a>\n\t\t\t<\/dt>\n\t\t\t\t<dd class='wp-caption-text gallery-caption' id='gallery-1-6733'>\n\t\t\t\tCon la adici\u00f3n de las lluvias de la semana pasada, el R\u00edo Urubamba esta lleno hasta la parte superior de sus bancos en muchas \u00e1reas .\n\t\t\t\t<\/dd><\/dl><br style=\"clear: both\" \/><dl class='gallery-item'>\n\t\t\t<dt class='gallery-icon landscape'>\n\t\t\t\t<a href='https:\/\/anvisible.com\/es\/ajustando-a-la-nueva-realidad-el-corazon-de-an\/2016-02-14-10-2\/'><img width=\"440\" height=\"300\" src=\"https:\/\/anvisible.com\/wp-content\/blogs.dir\/1\/files\/2016\/02\/2016-02-14-10-440x300.jpg\" class=\"attachment-medium size-medium\" alt=\"\" decoding=\"async\" loading=\"lazy\" aria-describedby=\"gallery-1-6738\" srcset=\"https:\/\/anvisible.com\/wp-content\/blogs.dir\/1\/files\/2016\/02\/2016-02-14-10-440x300.jpg 440w, https:\/\/anvisible.com\/wp-content\/blogs.dir\/1\/files\/2016\/02\/2016-02-14-10-210x143.jpg 210w, https:\/\/anvisible.com\/wp-content\/blogs.dir\/1\/files\/2016\/02\/2016-02-14-10-768x523.jpg 768w, https:\/\/anvisible.com\/wp-content\/blogs.dir\/1\/files\/2016\/02\/2016-02-14-10-660x450.jpg 660w, https:\/\/anvisible.com\/wp-content\/blogs.dir\/1\/files\/2016\/02\/2016-02-14-10-400x273.jpg 400w, https:\/\/anvisible.com\/wp-content\/blogs.dir\/1\/files\/2016\/02\/2016-02-14-10.jpg 1183w\" sizes=\"(max-width: 440px) 100vw, 440px\" \/><\/a>\n\t\t\t<\/dt>\n\t\t\t\t<dd class='wp-caption-text gallery-caption' id='gallery-1-6738'>\n\t\t\t\tLa Luna Llena el d\u00eda 22 como se ve a trav\u00e9s de el tragaluz de nuestro piso de arriba en el cuarto de AN donde nosotros hacemos las lecturas de las cartas . \n\t\t\t\t<\/dd><\/dl><br style=\"clear: both\" \/>\n\t\t<\/div>","protected":false},"excerpt":{"rendered":"<p>Las energ\u00edas eran tan fuertes esta semana pasada que nos sentimos muy expandidos y a menudo aplanados . Se sent\u00eda como si las luces verdes de nuestro movimiento de avance r\u00e1pido se hab\u00edan atenuado, pero esto no era lo que realmente estaba sucediendo. Se trata simplemente de que nuestro enfoque se hab\u00eda movido desde HACERLO <a class=\"read-more\" href=\"https:\/\/anvisible.com\/es\/ajustando-a-la-nueva-realidad-el-corazon-de-an\/\">[ Read More&#8230;. ]<\/a><\/p>\n","protected":false},"author":4,"featured_media":6697,"comment_status":"open","ping_status":"closed","sticky":false,"template":"","format":"standard","meta":[],"categories":[18],"tags":[],"_links":{"self":[{"href":"https:\/\/anvisible.com\/es\/wp-json\/wp\/v2\/posts\/6744"}],"collection":[{"href":"https:\/\/anvisible.com\/es\/wp-json\/wp\/v2\/posts"}],"about":[{"href":"https:\/\/anvisible.com\/es\/wp-json\/wp\/v2\/types\/post"}],"author":[{"embeddable":true,"href":"https:\/\/anvisible.com\/es\/wp-json\/wp\/v2\/users\/4"}],"replies":[{"embeddable":true,"href":"https:\/\/anvisible.com\/es\/wp-json\/wp\/v2\/comments?post=6744"}],"version-history":[{"count":4,"href":"https:\/\/anvisible.com\/es\/wp-json\/wp\/v2\/posts\/6744\/revisions"}],"predecessor-version":[{"id":6748,"href":"https:\/\/anvisible.com\/es\/wp-json\/wp\/v2\/posts\/6744\/revisions\/6748"}],"wp:featuredmedia":[{"embeddable":true,"href":"https:\/\/anvisible.com\/es\/wp-json\/wp\/v2\/media\/6697"}],"wp:attachment":[{"href":"https:\/\/anvisible.com\/es\/wp-json\/wp\/v2\/media?parent=6744"}],"wp:term":[{"taxonomy":"category","embeddable":true,"href":"https:\/\/anvisible.com\/es\/wp-json\/wp\/v2\/categories?post=6744"},{"taxonomy":"post_tag","embeddable":true,"href":"https:\/\/anvisible.com\/es\/wp-json\/wp\/v2\/tags?post=6744"}],"curies":[{"name":"wp","href":"https:\/\/api.w.org\/{rel}","templated":true}]}}